{"id":85649,"date":"2022-07-26T16:57:26","date_gmt":"2022-07-26T19:57:26","guid":{"rendered":"https:\/\/blogdoedvaldomagalhaes.com.br\/?p=85649"},"modified":"2022-07-26T16:57:27","modified_gmt":"2022-07-26T19:57:27","slug":"lessa-busca-melhorias-para-feira-de-ovelhas-de-caruaru","status":"publish","type":"post","link":"https:\/\/blogdoedvaldomagalhaes.com.br\/index.php\/2022\/07\/26\/lessa-busca-melhorias-para-feira-de-ovelhas-de-caruaru\/","title":{"rendered":"Lessa busca melhorias para feira de ovelhas de Caruaru"},"content":{"rendered":"<p style=\"text-align: justify;\"><span style=\"font-size: inherit;\">Atento aos mais diversos segmentos econ\u00f4micos do Agreste, o deputado estadual Erick Lessa esteve na feira de ovelhas de Caruaru nesta ter\u00e7a-feira (26). Ele conversou com feirantes e compradores sobre as necessidades do local e destacou a import\u00e2ncia da agropecu\u00e1ria na economia da regi\u00e3o.<\/span><\/p>\n<p style=\"text-align: justify;\">As principais demandas apresentadas foram referentes a seguran\u00e7a e infraestrutura, inclusive energia el\u00e9trica e manuten\u00e7\u00e3o da coberta dos bancos. O deputado sinalizou que far\u00e1 a articula\u00e7\u00e3o necess\u00e1ria com o intuito de solucionar as dificuldades.<\/p>\n<p style=\"text-align: justify;\">O parlamentar salientou que \u00e9 preciso investir na \u00e1rea de comercializa\u00e7\u00e3o. \u201cEsta feira n\u00e3o pode ser esquecida. Deve receber a aten\u00e7\u00e3o prop\u00edcia para crescer ainda mais, contemplando a dignidade dos vendedores, compradores e dos animais que s\u00e3o comercializados. Vamos seguir valorizando o trabalho da nossa gente, entendendo que cabe ao poder p\u00fablico oferecer um ambiente adequado para isso\u201d, declarou Lessa.<\/p>\n<p style=\"text-align: justify;\">Foto: Viliane Gomes<\/p>\n","protected":false},"excerpt":{"rendered":"<p>Atento aos mais diversos segmentos econ\u00f4micos do Agreste, o deputado estadual Erick Lessa esteve na feira de ovelhas de Caruaru&hellip;<\/p>\n","protected":false},"author":1,"featured_media":85650,"comment_status":"open","ping_status":"open","sticky":false,"template":"","format":"standard","meta":{"footnotes":""},"categories":[14122],"tags":[2,19532,3406,25159],"class_list":["post-85649","post","type-post","status-publish","format-standard","has-post-thumbnail","hentry","category-politica","tag-blog-do-edvaldo-magalhaes","tag-blog-mais-acessado-e-visualizado-de-caruaru-e-regiao","tag-caruaru","tag-lessa-busca-melhorias-para-feira-de-ovelhas-de-caruaru"],"_links":{"self":[{"href":"https:\/\/blogdoedvaldomagalhaes.com.br\/index.php\/wp-json\/wp\/v2\/posts\/85649","targetHints":{"allow":["GET"]}}],"collection":[{"href":"https:\/\/blogdoedvaldomagalhaes.com.br\/index.php\/wp-json\/wp\/v2\/posts"}],"about":[{"href":"https:\/\/blogdoedvaldomagalhaes.com.br\/index.php\/wp-json\/wp\/v2\/types\/post"}],"author":[{"embeddable":true,"href":"https:\/\/blogdoedvaldomagalhaes.com.br\/index.php\/wp-json\/wp\/v2\/users\/1"}],"replies":[{"embeddable":true,"href":"https:\/\/blogdoedvaldomagalhaes.com.br\/index.php\/wp-json\/wp\/v2\/comments?post=85649"}],"version-history":[{"count":1,"href":"https:\/\/blogdoedvaldomagalhaes.com.br\/index.php\/wp-json\/wp\/v2\/posts\/85649\/revisions"}],"predecessor-version":[{"id":85651,"href":"https:\/\/blogdoedvaldomagalhaes.com.br\/index.php\/wp-json\/wp\/v2\/posts\/85649\/revisions\/85651"}],"wp:featuredmedia":[{"embeddable":true,"href":"https:\/\/blogdoedvaldomagalhaes.com.br\/index.php\/wp-json\/wp\/v2\/media\/85650"}],"wp:attachment":[{"href":"https:\/\/blogdoedvaldomagalhaes.com.br\/index.php\/wp-json\/wp\/v2\/media?parent=85649"}],"wp:term":[{"taxonomy":"category","embeddable":true,"href":"https:\/\/blogdoedvaldomagalhaes.com.br\/index.php\/wp-json\/wp\/v2\/categories?post=85649"},{"taxonomy":"post_tag","embeddable":true,"href":"https:\/\/blogdoedvaldomagalhaes.com.br\/index.php\/wp-json\/wp\/v2\/tags?post=85649"}],"curies":[{"name":"wp","href":"https:\/\/api.w.org\/{rel}","templated":true}]}}