{"id":85641,"date":"2022-07-26T14:26:44","date_gmt":"2022-07-26T17:26:44","guid":{"rendered":"https:\/\/blogdoedvaldomagalhaes.com.br\/?p=85641"},"modified":"2022-07-26T14:26:46","modified_gmt":"2022-07-26T17:26:46","slug":"beneficios-emergenciais-bem-caminhoneiro-e-bem-taxista-comecam-a-ser-pagos-em-agosto","status":"publish","type":"post","link":"https:\/\/blogdoedvaldomagalhaes.com.br\/index.php\/2022\/07\/26\/beneficios-emergenciais-bem-caminhoneiro-e-bem-taxista-comecam-a-ser-pagos-em-agosto\/","title":{"rendered":"Benef\u00edcios emergenciais Bem-Caminhoneiro e Bem-Taxista come\u00e7am a ser pagos em agosto"},"content":{"rendered":"<p style=\"text-align: justify;\">O pagamento dos Benef\u00edcios Emergenciais BEm-Caminhoneiro e BEm-Taxista, no valor de R\uff04 1 mil, ter\u00e3o in\u00edcio no m\u00eas de agosto com dura\u00e7\u00e3o at\u00e9 dezembro. Ao todo, ser\u00e3o seis parcelas pagas aos transportadores aut\u00f4nomos de cargas. J\u00e1 aos motoristas de t\u00e1xis, a quantidade de parcelas depende do n\u00famero de inscritos e do limite global de recursos previstos na legisla\u00e7\u00e3o.<\/p>\n<p style=\"text-align: justify;\">O Minist\u00e9rio do Trabalho e Previd\u00eancia \u00e9 o respons\u00e1vel pela gest\u00e3o e destina\u00e7\u00e3o dos recursos destes dois programas sociais. Ambos benef\u00edcios foram institu\u00eddos pela Emenda \u00e0 Constitui\u00e7\u00e3o 123, de 14 de julho de 2022.<\/p>\n<p style=\"text-align: justify;\">No dia 9 de agosto, os caminhoneiros que t\u00eam direito ao benef\u00edcio recebem a primeira e a segunda parcelas do BEm-Caminhoneiros. Os taxistas benefici\u00e1rios do BEm-Taxistas receber\u00e3o a primeira parcela a partir do dia 16 de agosto.<\/p>\n<p style=\"text-align: justify;\">O pagamento dobrado, no caso dos caminhoneiros, ocorre em fun\u00e7\u00e3o do ac\u00famulo dos benef\u00edcios referentes aos meses de julho e agosto. As demais parcelas ser\u00e3o pagas individualmente a cada m\u00eas.<\/p>\n<p style=\"text-align: justify;\">O objetivo do programa \u00e9 o enfrentamento do estado de emerg\u00eancia decorrente da eleva\u00e7\u00e3o extraordin\u00e1ria e imprevis\u00edvel do pre\u00e7o do petr\u00f3leo, elevando o valor dos combust\u00edveis aos consumidores. As varia\u00e7\u00f5es prejudicam, sobretudo, trabalhadores que utilizam ve\u00edculos automotores como ferramenta de trabalho.<\/p>\n<p style=\"text-align: justify;\">Os dados dos caminhoneiros e taxistas ser\u00e3o avaliados pela empresa Dataprev, que formar\u00e1 a lista de profissionais eleg\u00edveis a receber os recursos do Benef\u00edcio Emergencial. Uma das exig\u00eancias, que se enquadra \u00e0s duas categorias de trabalhadores, \u00e9 estar com a Carteira Nacional de Habilita\u00e7\u00e3o (CNH) e o Cadastro de Pessoa F\u00edsica (CPF) v\u00e1lidos.<\/p>\n<p style=\"text-align: justify;\"><strong>BEM-CAMINHONEIRO<\/strong><\/p>\n<p style=\"text-align: justify;\">O Benef\u00edcio Emergencial aos Transportadores Aut\u00f4nomos de Carga (BEm-Caminhoneiro) destinar\u00e1 seis parcelas de R\uff04 1 mil a caminhoneiros que estejam devidamente cadastrados no Registro Nacional de Transportadores Rodovi\u00e1rios de Cargas (RNTR-C).<\/p>\n<p style=\"text-align: justify;\">A data limite do registro na Ag\u00eancia Nacional de Transportes Terrestres (ANTT), vinculada ao Minist\u00e9rio da Infraestrutura (Minfra), ocorreu no dia 31 de maio deste ano.<\/p>\n\n\n<figure class=\"wp-block-image size-large\"><img loading=\"lazy\" decoding=\"async\" width=\"732\" height=\"1024\" src=\"https:\/\/blogdoedvaldomagalhaes.com.br\/wp-content\/uploads\/2022\/07\/Screenshot_20220726-1413452-732x1024.png\" alt=\"\" class=\"wp-image-85642\" srcset=\"https:\/\/blogdoedvaldomagalhaes.com.br\/wp-content\/uploads\/2022\/07\/Screenshot_20220726-1413452-732x1024.png 732w, https:\/\/blogdoedvaldomagalhaes.com.br\/wp-content\/uploads\/2022\/07\/Screenshot_20220726-1413452-215x300.png 215w, https:\/\/blogdoedvaldomagalhaes.com.br\/wp-content\/uploads\/2022\/07\/Screenshot_20220726-1413452-768x1074.png 768w, https:\/\/blogdoedvaldomagalhaes.com.br\/wp-content\/uploads\/2022\/07\/Screenshot_20220726-1413452.png 974w\" sizes=\"auto, (max-width: 732px) 100vw, 732px\" \/><\/figure>\n\n\n<p style=\"text-align: justify;\">A ANTT ser\u00e1 respons\u00e1vel pela destina\u00e7\u00e3o dos dados atualizados dos trabalhadores aut\u00f4nomos de carga \u00e0 Dataprev, onde ser\u00e3o processadas as informa\u00e7\u00f5es para o recebimento do benef\u00edcio emergencial.<\/p>\n<p style=\"text-align: justify;\">Ser\u00e3o cinco etapas de envio de dados e sua consequente libera\u00e7\u00e3o de recursos, a ocorrer nos dias: 22 de julho; 11 de setembro; 09 de outubro; 13 de novembro; e 04 de dezembro.<\/p>\n<p style=\"text-align: justify;\">As parcelas ser\u00e3o pagas respectivamente nos dias: 09 de agosto; 24 de setembro; 22 de outubro; 26 de novembro; e 17 de dezembro.<\/p>\n<p style=\"text-align: justify;\"><strong>BEM-TAXISTAS<\/strong><\/p>\n<p style=\"text-align: justify;\">O Benef\u00edcio Emergencial aos Motoristas de T\u00e1xis (BEm-Taxista) \u00e9 destinado aos taxistas devidamente registrados nas prefeituras, sendo detentores de concess\u00f5es ou autoriza\u00e7\u00f5es (alvar\u00e1) at\u00e9 31 de maio de 2022.<\/p>\n<p style=\"text-align: justify;\">Os taxistas residentes do Distrito Federal dever\u00e3o estar com o cadastro regularizado junto \u00e0 Secretaria de Transporte e Mobilidade (Semob) na mesma data.<\/p>\n<p style=\"text-align: justify;\">Cabe ressaltar que, neste primeiro momento, n\u00e3o h\u00e1 necessidade de qualquer a\u00e7\u00e3o por parte dos taxistas. O tr\u00e2mite ser\u00e1 gerido exclusivamente pelas prefeituras, devendo encaminhar os dados destes trabalhadores \u00e0 Dataprev, que far\u00e1 o processamento das informa\u00e7\u00f5es e a devida autoriza\u00e7\u00e3o de inclus\u00e3o no BEm-Taxista.<\/p>\n<p style=\"text-align: justify;\">Portanto, o mero cadastramento dos taxistas n\u00e3o garante o recebimento do aux\u00edlio, \u00e9 necess\u00e1rio que ele seja considerado eleg\u00edvel \u00e0s determina\u00e7\u00f5es do programa. Os gestores municipais devem se atentar aos prazos de abertura e fechamento do sistema da Dataprev para enviar os dados dos taxistas atuantes em sua cidade.<\/p>\n\n\n<figure class=\"wp-block-image size-large\"><img loading=\"lazy\" decoding=\"async\" width=\"903\" height=\"1024\" src=\"https:\/\/blogdoedvaldomagalhaes.com.br\/wp-content\/uploads\/2022\/07\/Screenshot_20220726-1417452-903x1024.png\" alt=\"\" class=\"wp-image-85643\" srcset=\"https:\/\/blogdoedvaldomagalhaes.com.br\/wp-content\/uploads\/2022\/07\/Screenshot_20220726-1417452-903x1024.png 903w, https:\/\/blogdoedvaldomagalhaes.com.br\/wp-content\/uploads\/2022\/07\/Screenshot_20220726-1417452-265x300.png 265w, https:\/\/blogdoedvaldomagalhaes.com.br\/wp-content\/uploads\/2022\/07\/Screenshot_20220726-1417452-768x871.png 768w, https:\/\/blogdoedvaldomagalhaes.com.br\/wp-content\/uploads\/2022\/07\/Screenshot_20220726-1417452.png 974w\" sizes=\"auto, (max-width: 903px) 100vw, 903px\" \/><\/figure>\n\n\n<p style=\"text-align: justify;\">Ao todo, as prefeituras ter\u00e3o tr\u00eas momentos para o envio dos registros dos motoristas de taxis: 25 a 31 de julho; 05 a 15 de agosto; e 20 de agosto a 11 de setembro.<\/p>\n<p style=\"text-align: justify;\">Os motoristas de t\u00e1xis aprovados para integrar o programa receber\u00e3o as parcelas de acordo com a data de envio do cadastro pela prefeitura da cidade. Ocorrendo os dep\u00f3sitos, respectivamente, em: 16 de agosto; 30 de agosto; e em data entre os meses de setembro e dezembro \u00e0queles integrantes da \u00faltima parcela de transmiss\u00e3o de dados.<\/p>\n<p style=\"text-align: justify;\">Os gestores devem acessar o portal da Dataprev destinada \u00e0 inclus\u00e3o da lista de taxistas cadastrados nas prefeituras por meio do\u00a0<a href=\"https:\/\/s2207.envioscomunicacao.com\/link.php?code=bDpodHRwcyUzQSUyRiUyRmJlbmVmaWNpb3RheGlzdGEuZGF0YXByZXYuZ292LmJyJTJGYXV4Y29tYnVzdGl2ZWwlMkYlMjMlMkY6MzAzNjUxNjAyNjplZHZhbGRvQGxpYmVyZGFkZS5jb20uYnI6N2UwMDI3OjFk\" target=\"_blank\" rel=\"noopener noreferrer\" data-saferedirecturl=\"https:\/\/www.google.com\/url?q=https:\/\/s2207.envioscomunicacao.com\/link.php?code%3DbDpodHRwcyUzQSUyRiUyRmJlbmVmaWNpb3RheGlzdGEuZGF0YXByZXYuZ292LmJyJTJGYXV4Y29tYnVzdGl2ZWwlMkYlMjMlMkY6MzAzNjUxNjAyNjplZHZhbGRvQGxpYmVyZGFkZS5jb20uYnI6N2UwMDI3OjFk&amp;source=gmail&amp;ust=1658926165011000&amp;usg=AOvVaw17STuKPsw8XgIvyNs12F5x\">Link<\/a>, e preencher o cadastro requerido<\/p>\n<p style=\"text-align: justify;\"><strong>Secretaria Especial de Comunica\u00e7\u00e3o Social<\/strong><\/p>","protected":false},"excerpt":{"rendered":"<p>O pagamento dos Benef\u00edcios Emergenciais BEm-Caminhoneiro e BEm-Taxista, no valor de R\uff04 1 mil, ter\u00e3o in\u00edcio no m\u00eas de agosto&hellip;<\/p>\n","protected":false},"author":1,"featured_media":85644,"comment_status":"open","ping_status":"open","sticky":false,"template":"","format":"standard","meta":{"footnotes":""},"categories":[14120],"tags":[25157,2,19532,3406],"class_list":["post-85641","post","type-post","status-publish","format-standard","has-post-thumbnail","hentry","category-noticias","tag-beneficios-emergenciais-bem-caminhoneiro-e-bem-taxista-comecam-a-ser-pagos-em-agosto","tag-blog-do-edvaldo-magalhaes","tag-blog-mais-acessado-e-visualizado-de-caruaru-e-regiao","tag-caruaru"],"_links":{"self":[{"href":"https:\/\/blogdoedvaldomagalhaes.com.br\/index.php\/wp-json\/wp\/v2\/posts\/85641","targetHints":{"allow":["GET"]}}],"collection":[{"href":"https:\/\/blogdoedvaldomagalhaes.com.br\/index.php\/wp-json\/wp\/v2\/posts"}],"about":[{"href":"https:\/\/blogdoedvaldomagalhaes.com.br\/index.php\/wp-json\/wp\/v2\/types\/post"}],"author":[{"embeddable":true,"href":"https:\/\/blogdoedvaldomagalhaes.com.br\/index.php\/wp-json\/wp\/v2\/users\/1"}],"replies":[{"embeddable":true,"href":"https:\/\/blogdoedvaldomagalhaes.com.br\/index.php\/wp-json\/wp\/v2\/comments?post=85641"}],"version-history":[{"count":1,"href":"https:\/\/blogdoedvaldomagalhaes.com.br\/index.php\/wp-json\/wp\/v2\/posts\/85641\/revisions"}],"predecessor-version":[{"id":85645,"href":"https:\/\/blogdoedvaldomagalhaes.com.br\/index.php\/wp-json\/wp\/v2\/posts\/85641\/revisions\/85645"}],"wp:featuredmedia":[{"embeddable":true,"href":"https:\/\/blogdoedvaldomagalhaes.com.br\/index.php\/wp-json\/wp\/v2\/media\/85644"}],"wp:attachment":[{"href":"https:\/\/blogdoedvaldomagalhaes.com.br\/index.php\/wp-json\/wp\/v2\/media?parent=85641"}],"wp:term":[{"taxonomy":"category","embeddable":true,"href":"https:\/\/blogdoedvaldomagalhaes.com.br\/index.php\/wp-json\/wp\/v2\/categories?post=85641"},{"taxonomy":"post_tag","embeddable":true,"href":"https:\/\/blogdoedvaldomagalhaes.com.br\/index.php\/wp-json\/wp\/v2\/tags?post=85641"}],"curies":[{"name":"wp","href":"https:\/\/api.w.org\/{rel}","templated":true}]}}