{"id":85633,"date":"2022-07-25T19:34:59","date_gmt":"2022-07-25T22:34:59","guid":{"rendered":"https:\/\/blogdoedvaldomagalhaes.com.br\/?p=85633"},"modified":"2022-07-25T19:35:00","modified_gmt":"2022-07-25T22:35:00","slug":"raquel-lyra-anuncia-priscila-krause-na-vaga-de-vice-e-convencao-oficializa-chapa-sabado-30","status":"publish","type":"post","link":"https:\/\/blogdoedvaldomagalhaes.com.br\/index.php\/2022\/07\/25\/raquel-lyra-anuncia-priscila-krause-na-vaga-de-vice-e-convencao-oficializa-chapa-sabado-30\/","title":{"rendered":"Raquel Lyra anuncia Priscila Krause na vaga de vice e conven\u00e7\u00e3o oficializa chapa s\u00e1bado (30)"},"content":{"rendered":"<div dir=\"ltr\" style=\"text-align: justify;\">A pr\u00e9-candidata ao Governo de Pernambuco, Raquel Lyra (PSDB), apresentou nesta segunda-feira (25) a deputada estadual Priscila Krause na sua chapa como vice-governadora. Raquel e Priscila fizeram o an\u00fancio por meio das redes sociais em pleno Marco Zero, na regi\u00e3o central do Recife. Em seguida, concederam coletiva \u00e0 imprensa na Associa\u00e7\u00e3o Comercial de Pernambuco (ACP).<\/div>\n<div dir=\"ltr\" style=\"text-align: justify;\"><\/div>\n<div dir=\"ltr\" style=\"text-align: justify;\">\u201cHoje \u00e9 um dia especial. Hoje, a gente come\u00e7a a escrever uma nova hist\u00f3ria para Pernambuco\u201d, afirmou Raquel na coletiva. Foi a mesma frase com a qual come\u00e7ou o dia em uma transmiss\u00e3o especial realizada pelas redes sociais, que mostrou Raquel conversando com mulheres inspiradoras, como a tapioqueira Ver\u00f4nica. A partir das transforma\u00e7\u00f5es realizadas por Raquel no Monte Bom Jesus, em Caruaru, conseguiu fortalecer o seu neg\u00f3cio e at\u00e9 adquirir uma casa.<\/div>\n<div dir=\"ltr\" style=\"text-align: justify;\"><\/div>\n<div dir=\"ltr\" style=\"text-align: justify;\">Ao longo da transmiss\u00e3o, Raquel tamb\u00e9m mostrou diversos outros avan\u00e7os que realizou como prefeita eleita e reeleita do maior munic\u00edpio do interior de Pernambuco, a exemplo do Juntos pela Seguran\u00e7a \u2013 que reduziu em mais de 50% o \u00edndice de homic\u00eddios -, a amplia\u00e7\u00e3o de 1,5 mil para mais de 7,8 mil vagas de creche (o que lhe rendeu o apelido de Racreche) -, a Via Parque e a maternidade Santa Dulce dos Pobres, com capacidade para atender a 400 m\u00e3es por m\u00eas.<\/div>\n<div dir=\"ltr\" style=\"text-align: justify;\"><\/div>\n<div dir=\"ltr\" style=\"text-align: justify;\">O ponto alto da transmiss\u00e3o pelas redes sociais foi o encontro com Priscila Krause, ap\u00f3s Raquel se deslocar de carro de Caruaru para o Recife. No caminho, ela falou de como se preparou ao longo de toda a vida para governar Pernambuco (Ver bio).<\/div>\n<div dir=\"ltr\" style=\"text-align: justify;\"><\/div>\n<div dir=\"ltr\" style=\"text-align: justify;\">J\u00e1 no Marco Zero, Raquel anuncia a sua vice: \u201cEu e Priscila Krause estamos juntas num projeto que respeita, abra\u00e7a, acolhe, olha e se preocupa com todos os pernambucanos e todas as pernambucanas. Este \u00e9 um momento hist\u00f3rico. \u00c9 a primeira vez que duas mulheres comp\u00f5em uma chapa pra disputar o governo de Pernambuco\u201d.<\/div>\n<div dir=\"ltr\" style=\"text-align: justify;\"><\/div>\n<div dir=\"ltr\" style=\"text-align: justify;\">Priscila Krause complementou: \u201cEu me sinto muito honrada por isso. Temos um desafio enorme pela frente, Raquel. Nosso compromisso \u00e9 enfrentar a mis\u00e9ria, a fome, a viol\u00eancia, o caos na sa\u00fade e a falta de \u00e1gua, que est\u00e3o por toda parte.\u00a0 Voc\u00ea que \u00e9 do Sert\u00e3o, do agreste e zona da mata, vem com a gente. Vamos juntos fazer diferente, pra mudar Pernambuco e transformar a vida de todos. Pernambuco \u00e9 um s\u00f3! E Raquel, a \u00fanica mulher que entrega!\u201d<\/div>\n<div dir=\"ltr\" style=\"text-align: justify;\"><\/div>\n<div dir=\"ltr\" style=\"text-align: justify;\">*SOBRE RAQUEL*<\/div>\n<div dir=\"ltr\" style=\"text-align: justify;\"><\/div>\n<div dir=\"ltr\" style=\"text-align: justify;\">Primeira mulher eleita prefeita de Caruaru, e logo ap\u00f3s reeleita, Raquel Lyra \u00e9 advogada, formada em Direito pela Universidade Federal de Pernambuco. Foi secret\u00e1ria de inf\u00e2ncia e juventude, e tamb\u00e9m deputada estadual por dois mandatos.<\/div>\n<div dir=\"ltr\" style=\"text-align: justify;\"><\/div>\n<div dir=\"ltr\" style=\"text-align: justify;\">Servidora p\u00fablica por voca\u00e7\u00e3o, ainda muito jovem foi aprovada em concurso p\u00fablico para delegada da Pol\u00edcia Federal. Foi concursada tamb\u00e9m do Banco do Nordeste &#8211; ainda durante a faculdade &#8211; e da Procuradoria do Estado de Pernambuco. De 2007 a 2010, no primeiro governo Eduardo Campos, foi chefe da Procuradoria de Apoio Jur\u00eddico e Legislativo do Governador.<\/div>\n<div dir=\"ltr\" style=\"text-align: justify;\"><\/div>\n<div dir=\"ltr\" style=\"text-align: justify;\">Na Assembleia Legislativa de Pernambuco, foi presidente da Comiss\u00e3o de Justi\u00e7a, onde utilizou os conhecimentos como advogada e procuradora para liderar esta que \u00e9 a comiss\u00e3o mais importante da Casa.<\/div>\n<div dir=\"ltr\" style=\"text-align: justify;\"><\/div>\n<div dir=\"ltr\" style=\"text-align: justify;\">Raquel deixou a prefeitura de Caruaru no \u00faltimo m\u00eas de abril, com mais de 70% de aprova\u00e7\u00e3o popular, resultado de diversas a\u00e7\u00f5es que realizou no munic\u00edpio, a exemplo do Juntos pela Seguran\u00e7a, programa de seguran\u00e7a p\u00fablica que reduziu os \u00edndices de homic\u00eddios em mais de 50% e tamb\u00e9m a amplia\u00e7\u00e3o de 1,5 mil para mais de 7,8 mil vagas de creches.<\/div>\n<div dir=\"ltr\" style=\"text-align: justify;\"><\/div>\n<div dir=\"ltr\">\n<div dir=\"ltr\" style=\"text-align: justify;\">SOBRE PRISCILA KRAUSE*<\/div>\n<div dir=\"ltr\" style=\"text-align: justify;\"><\/div>\n<div dir=\"ltr\" style=\"text-align: justify;\">Priscila Krause Branco nasceu no Recife em 1978. \u00c9 jornalista, casada com Jorge e m\u00e3e de Matheus e Helena. Reeleita para o segundo mandato de deputada estadual em Pernambuco em 2018, exerce mandatos eletivos h\u00e1 dezoito anos. Em 2004, foi eleita vereadora de sua cidade natal, renovando o mandato por mais duas vezes (2008 e 2012), com vota\u00e7\u00f5es crescentes, antes de chegar \u00e0 Assembleia Legislativa de Pernambuco (Alepe), em 2014.<\/div>\n<div dir=\"ltr\" style=\"text-align: justify;\"><\/div>\n<div dir=\"ltr\" style=\"text-align: justify;\">Dedicada a pautas como finan\u00e7as p\u00fablicas, tributa\u00e7\u00e3o, meio ambiente e custeio da sa\u00fade, atuando na fiscaliza\u00e7\u00e3o do Poder Executivo e na presta\u00e7\u00e3o cont\u00ednua de suas a\u00e7\u00f5es, Priscila aceitou o convite da pr\u00e9-candidata ao Governo de Pernambuco, Raquel Lyra para compor a chapa majorit\u00e1ria como vice-governadora. Ser\u00e1 a primeira vez em Pernambuco que duas mulheres encabe\u00e7ar\u00e3o uma candidatura majorit\u00e1ria para o governo do estado.<\/div>\n<div dir=\"ltr\" style=\"text-align: justify;\"><\/div>\n<div dir=\"ltr\" style=\"text-align: justify;\">Na Alepe, Priscila atua como componente titular das comiss\u00f5es de Constitui\u00e7\u00e3o e Justi\u00e7a, Ci\u00eancia e Tecnologia e Neg\u00f3cios Municipais. Com aten\u00e7\u00e3o especial \u00e0 tem\u00e1tica da Primeira Inf\u00e2ncia, tendo participado do curso internacional de lideran\u00e7a executiva em Desenvolvimento da Primeira Inf\u00e2ncia na Universidade de Harvard, nos Estados Unidos, foi relatora da Frente Parlamentar de Apoio \u00e0 Primeira Inf\u00e2ncia. Em defesa da pauta ambiental, levanta a bandeira da preserva\u00e7\u00e3o dos rios pernambucanos. Nesse sentido, gravou o document\u00e1rio-viagem Expedi\u00e7\u00e3o Capibaribe, percorrendo o Rio da nascente \u00e0 foz.<\/div>\n<div dir=\"ltr\" style=\"text-align: justify;\"><\/div>\n<div dir=\"ltr\" style=\"text-align: justify;\">Filha do ex-governador Gustavo Krause, que deixou a vida p\u00fablica em 1998, e de Clea Borges, Priscila est\u00e1 filiada ao Cidadania desde o ano passado.<\/div>\n<div dir=\"ltr\" style=\"text-align: justify;\"><\/div>\n<div dir=\"ltr\" style=\"text-align: justify;\">*RAQUEL SOBRE PRISCILA NA COLETIVA DE IMPRENSA*<\/div>\n<div dir=\"ltr\" style=\"text-align: justify;\"><\/div>\n<div dir=\"ltr\" style=\"text-align: justify;\">Pernambuco vai poder contar com a nossa voz. Estamos aqui com a melhor vice que Pernambuco poderia ter. Estamos entregando nossa energia, trajet\u00f3ria e capacidade de trabalho, desviando do que poderia ser a nossa zona de conforto para fazer mais por Pernambuco atrav\u00e9s da pol\u00edtica. Nossa conven\u00e7\u00e3o est\u00e1 marcada para o pr\u00f3ximo s\u00e1bado e vamos pode apresentar a chapa completa. Os nossos pr\u00e9-candidatos a deputado estaduais e federais e o candidato ao senado.<\/div>\n<div dir=\"ltr\" style=\"text-align: justify;\"><\/div>\n<div dir=\"ltr\" style=\"text-align: justify;\">A gente apresenta uma candidatura ao Governo do Estado e a vice feminina, s\u00e3o duas mulheres que tem trajet\u00f3ria de vida emprestada ao servi\u00e7o p\u00fablico. E \u00e9 claro que montar uma chapa feminina traz um novo olhar pra pol\u00edtica, uma forma de fazer pol\u00edtica e pol\u00edtica p\u00fablica. Porque a gente n\u00e3o quer tomar o lugar com ningu\u00e9m, mas poder emprestar, um olhar que traz juntos com o olhar o olhar dos homens, que a gente construa a pol\u00edtica p\u00fablica mais igualit\u00e1ria. Por que que eu digo isso? Porque a pobreza de Pernambuco que \u00e9 o estado mais pobre do Brasil, um dos mais pobres do Brasil ela tem g\u00eanero. N\u00f3s estamos falando de mulheres pobres que sustentam casas a partir de muito pouco e precisamos \u00a0conseguir chegar de verdade com a estrat\u00e9gia sobretudo com a\u00e7\u00e3o para mudar a vida dessas mulheres para melhor. Se o Estado \u00e9 bom par uma m\u00e3e ela \u00e9 boa pra todos n\u00f3s, pra todos os homens, mulheres, idosos e jovens.<\/div>\n<div dir=\"ltr\" style=\"text-align: justify;\"><\/div>\n<div dir=\"ltr\" style=\"text-align: justify;\"><\/div>\n<div dir=\"ltr\" style=\"text-align: justify;\">Foto: Jana\u00edna Pepeu<\/div>\n<\/div>\n","protected":false},"excerpt":{"rendered":"<p>A pr\u00e9-candidata ao Governo de Pernambuco, Raquel Lyra (PSDB), apresentou nesta segunda-feira (25) a deputada estadual Priscila Krause na sua&hellip;<\/p>\n","protected":false},"author":1,"featured_media":85634,"comment_status":"open","ping_status":"open","sticky":false,"template":"","format":"standard","meta":{"footnotes":""},"categories":[14122],"tags":[2,19532,3406,20,25155],"class_list":["post-85633","post","type-post","status-publish","format-standard","has-post-thumbnail","hentry","category-politica","tag-blog-do-edvaldo-magalhaes","tag-blog-mais-acessado-e-visualizado-de-caruaru-e-regiao","tag-caruaru","tag-politica","tag-raquel-lyra-anuncia-priscila-krause-na-vaga-de-vice-e-convencao-oficializa-chapa-sabado-30"],"_links":{"self":[{"href":"https:\/\/blogdoedvaldomagalhaes.com.br\/index.php\/wp-json\/wp\/v2\/posts\/85633","targetHints":{"allow":["GET"]}}],"collection":[{"href":"https:\/\/blogdoedvaldomagalhaes.com.br\/index.php\/wp-json\/wp\/v2\/posts"}],"about":[{"href":"https:\/\/blogdoedvaldomagalhaes.com.br\/index.php\/wp-json\/wp\/v2\/types\/post"}],"author":[{"embeddable":true,"href":"https:\/\/blogdoedvaldomagalhaes.com.br\/index.php\/wp-json\/wp\/v2\/users\/1"}],"replies":[{"embeddable":true,"href":"https:\/\/blogdoedvaldomagalhaes.com.br\/index.php\/wp-json\/wp\/v2\/comments?post=85633"}],"version-history":[{"count":1,"href":"https:\/\/blogdoedvaldomagalhaes.com.br\/index.php\/wp-json\/wp\/v2\/posts\/85633\/revisions"}],"predecessor-version":[{"id":85635,"href":"https:\/\/blogdoedvaldomagalhaes.com.br\/index.php\/wp-json\/wp\/v2\/posts\/85633\/revisions\/85635"}],"wp:featuredmedia":[{"embeddable":true,"href":"https:\/\/blogdoedvaldomagalhaes.com.br\/index.php\/wp-json\/wp\/v2\/media\/85634"}],"wp:attachment":[{"href":"https:\/\/blogdoedvaldomagalhaes.com.br\/index.php\/wp-json\/wp\/v2\/media?parent=85633"}],"wp:term":[{"taxonomy":"category","embeddable":true,"href":"https:\/\/blogdoedvaldomagalhaes.com.br\/index.php\/wp-json\/wp\/v2\/categories?post=85633"},{"taxonomy":"post_tag","embeddable":true,"href":"https:\/\/blogdoedvaldomagalhaes.com.br\/index.php\/wp-json\/wp\/v2\/tags?post=85633"}],"curies":[{"name":"wp","href":"https:\/\/api.w.org\/{rel}","templated":true}]}}