{"id":85628,"date":"2022-07-25T19:04:05","date_gmt":"2022-07-25T22:04:05","guid":{"rendered":"https:\/\/blogdoedvaldomagalhaes.com.br\/?p=85628"},"modified":"2022-07-25T19:22:04","modified_gmt":"2022-07-25T22:22:04","slug":"anderson-gilson-e-izabel-convocam-populacao-para-a-convencao-do-pl-em-pernambuco","status":"publish","type":"post","link":"https:\/\/blogdoedvaldomagalhaes.com.br\/index.php\/2022\/07\/25\/anderson-gilson-e-izabel-convocam-populacao-para-a-convencao-do-pl-em-pernambuco\/","title":{"rendered":"Anderson, Gilson e Izabel convocam popula\u00e7\u00e3o para a conven\u00e7\u00e3o do PL em Pernambuco"},"content":{"rendered":"<p style=\"text-align: justify;\">O Partido Liberal (PL) em Pernambuco realiza, no pr\u00f3ximo domingo (31), a partir das 10h, no Clube Portugu\u00eas, no Recife, a conven\u00e7\u00e3o que ir\u00e1 oficializar as candidaturas de Anderson Ferreira (PL) ao Governo do Estado; de Gilson Machado (PL) ao Senado Federal; e de Izabel Urquiza (PL) ao cargo de vice-governadora. Antes do evento, os pr\u00e9-candidatos ir\u00e3o participar de uma grande motociata at\u00e9 o local e, nesta segunda-feira (25), convocaram a popula\u00e7\u00e3o para participar do ato.<\/p>\n<p style=\"text-align: justify;\">\u201cEstamos h\u00e1 quatro meses na estrada com a caravana Simbora Mudar Pernambuco nesse per\u00edodo de pr\u00e9-campanha debatendo ao lado da popula\u00e7\u00e3o, e de lideran\u00e7as pol\u00edticas de cada regi\u00e3o do estado, as prioridades para que possamos, a partir de 2023, virar a chave e trabalhar para resgatar em cada pernambucano o orgulho de pertencer a essa terra. A conven\u00e7\u00e3o \u00e9 um novo marco nessa jornada e, com certeza, ser\u00e1 um momento de grande emo\u00e7\u00e3o para todos\u201d, disse Anderson Ferreira.<\/p>\n<p style=\"text-align: justify;\">\u201cFoi uma emo\u00e7\u00e3o muito grande participar da conven\u00e7\u00e3o nacional do PL e ver o gin\u00e1sio do Maracan\u00e3zinho lotado, ovacionando o presidente Jair Bolsonaro (PL), e reafirmando o desejo do povo brasileiro pela continuidade de um governo de entregas e sem corrup\u00e7\u00e3o. E \u00e9 esse sentimento que vamos levar para a nossa conven\u00e7\u00e3o, no pr\u00f3ximo domingo, um novo marco nessa caminhada em valoriza\u00e7\u00e3o da fam\u00edlia, da liberdade e dos valores crist\u00e3os\u201d, acrescentou Gilson Machado.<\/p>\n<p style=\"text-align: justify;\">\u201cEstamos afinando os \u00faltimos detalhes para entregar \u00e0 popula\u00e7\u00e3o pernambucana um momento onde o sentimento de uni\u00e3o e esperan\u00e7a por dias melhores ir\u00e1 nortear cada ato desse evento\u201d, pontuou Izabel Urquiza.<\/p>\n","protected":false},"excerpt":{"rendered":"<p>O Partido Liberal (PL) em Pernambuco realiza, no pr\u00f3ximo domingo (31), a partir das 10h, no Clube Portugu\u00eas, no Recife,&hellip;<\/p>\n","protected":false},"author":1,"featured_media":85630,"comment_status":"open","ping_status":"open","sticky":false,"template":"","format":"standard","meta":{"footnotes":""},"categories":[14122],"tags":[25154,2,19532,3406,20],"class_list":["post-85628","post","type-post","status-publish","format-standard","has-post-thumbnail","hentry","category-politica","tag-anderson-gilson-e-izabel-convocam-populacao-para-a-convencao-do-pl-em-pernambuco","tag-blog-do-edvaldo-magalhaes","tag-blog-mais-acessado-e-visualizado-de-caruaru-e-regiao","tag-caruaru","tag-politica"],"_links":{"self":[{"href":"https:\/\/blogdoedvaldomagalhaes.com.br\/index.php\/wp-json\/wp\/v2\/posts\/85628","targetHints":{"allow":["GET"]}}],"collection":[{"href":"https:\/\/blogdoedvaldomagalhaes.com.br\/index.php\/wp-json\/wp\/v2\/posts"}],"about":[{"href":"https:\/\/blogdoedvaldomagalhaes.com.br\/index.php\/wp-json\/wp\/v2\/types\/post"}],"author":[{"embeddable":true,"href":"https:\/\/blogdoedvaldomagalhaes.com.br\/index.php\/wp-json\/wp\/v2\/users\/1"}],"replies":[{"embeddable":true,"href":"https:\/\/blogdoedvaldomagalhaes.com.br\/index.php\/wp-json\/wp\/v2\/comments?post=85628"}],"version-history":[{"count":3,"href":"https:\/\/blogdoedvaldomagalhaes.com.br\/index.php\/wp-json\/wp\/v2\/posts\/85628\/revisions"}],"predecessor-version":[{"id":85632,"href":"https:\/\/blogdoedvaldomagalhaes.com.br\/index.php\/wp-json\/wp\/v2\/posts\/85628\/revisions\/85632"}],"wp:featuredmedia":[{"embeddable":true,"href":"https:\/\/blogdoedvaldomagalhaes.com.br\/index.php\/wp-json\/wp\/v2\/media\/85630"}],"wp:attachment":[{"href":"https:\/\/blogdoedvaldomagalhaes.com.br\/index.php\/wp-json\/wp\/v2\/media?parent=85628"}],"wp:term":[{"taxonomy":"category","embeddable":true,"href":"https:\/\/blogdoedvaldomagalhaes.com.br\/index.php\/wp-json\/wp\/v2\/categories?post=85628"},{"taxonomy":"post_tag","embeddable":true,"href":"https:\/\/blogdoedvaldomagalhaes.com.br\/index.php\/wp-json\/wp\/v2\/tags?post=85628"}],"curies":[{"name":"wp","href":"https:\/\/api.w.org\/{rel}","templated":true}]}}