{"id":85606,"date":"2022-07-24T20:35:07","date_gmt":"2022-07-24T23:35:07","guid":{"rendered":"https:\/\/blogdoedvaldomagalhaes.com.br\/?p=85606"},"modified":"2022-07-24T20:35:09","modified_gmt":"2022-07-24T23:35:09","slug":"adolescentes-sao-apreendidos-com-moto-roubada","status":"publish","type":"post","link":"https:\/\/blogdoedvaldomagalhaes.com.br\/index.php\/2022\/07\/24\/adolescentes-sao-apreendidos-com-moto-roubada\/","title":{"rendered":"Adolescentes s\u00e3o apreendidos com moto roubada"},"content":{"rendered":"<p style=\"text-align: justify;\"><span style=\"font-size: inherit;\">Dois rapazes foram apreendidos, na noite do s\u00e1bado(23), por policiais militares do 21\u00ba BPM, no bairro Luiz Gonzaga, em Vit\u00f3ria de Santo Ant\u00e3o. Eles estavam trafegando em uma motocicleta sem placa e o efetivo realizou a abordagem. Foi constatado que o ve\u00edculo tinha queixa de roubo e o condutor disse que adquiriu a moto atrav\u00e9s de uma troca. O rapaz que estava na garupa tamb\u00e9m foi revistado e com ele foi encontrado um big big de maconha. <\/span><\/p>\n<p style=\"text-align: justify;\"><span style=\"font-size: inherit;\">Por serem menores de idade, os policiais entraram em contato com familiares de ambos, para que os acompanhassem at\u00e9 a delegacia da cidade, onde foram tomadas as medidas legais para recepta\u00e7\u00e3o de ve\u00edculo roubado e posse de droga.<\/span><\/p>\n","protected":false},"excerpt":{"rendered":"<p>Dois rapazes foram apreendidos, na noite do s\u00e1bado(23), por policiais militares do 21\u00ba BPM, no bairro Luiz Gonzaga, em Vit\u00f3ria&hellip;<\/p>\n","protected":false},"author":1,"featured_media":85607,"comment_status":"open","ping_status":"open","sticky":false,"template":"","format":"standard","meta":{"footnotes":""},"categories":[14121],"tags":[25148,2,19532,3406],"class_list":["post-85606","post","type-post","status-publish","format-standard","has-post-thumbnail","hentry","category-policial","tag-adolescentes-sao-apreendidos-com-moto-roubada","tag-blog-do-edvaldo-magalhaes","tag-blog-mais-acessado-e-visualizado-de-caruaru-e-regiao","tag-caruaru"],"_links":{"self":[{"href":"https:\/\/blogdoedvaldomagalhaes.com.br\/index.php\/wp-json\/wp\/v2\/posts\/85606","targetHints":{"allow":["GET"]}}],"collection":[{"href":"https:\/\/blogdoedvaldomagalhaes.com.br\/index.php\/wp-json\/wp\/v2\/posts"}],"about":[{"href":"https:\/\/blogdoedvaldomagalhaes.com.br\/index.php\/wp-json\/wp\/v2\/types\/post"}],"author":[{"embeddable":true,"href":"https:\/\/blogdoedvaldomagalhaes.com.br\/index.php\/wp-json\/wp\/v2\/users\/1"}],"replies":[{"embeddable":true,"href":"https:\/\/blogdoedvaldomagalhaes.com.br\/index.php\/wp-json\/wp\/v2\/comments?post=85606"}],"version-history":[{"count":1,"href":"https:\/\/blogdoedvaldomagalhaes.com.br\/index.php\/wp-json\/wp\/v2\/posts\/85606\/revisions"}],"predecessor-version":[{"id":85608,"href":"https:\/\/blogdoedvaldomagalhaes.com.br\/index.php\/wp-json\/wp\/v2\/posts\/85606\/revisions\/85608"}],"wp:featuredmedia":[{"embeddable":true,"href":"https:\/\/blogdoedvaldomagalhaes.com.br\/index.php\/wp-json\/wp\/v2\/media\/85607"}],"wp:attachment":[{"href":"https:\/\/blogdoedvaldomagalhaes.com.br\/index.php\/wp-json\/wp\/v2\/media?parent=85606"}],"wp:term":[{"taxonomy":"category","embeddable":true,"href":"https:\/\/blogdoedvaldomagalhaes.com.br\/index.php\/wp-json\/wp\/v2\/categories?post=85606"},{"taxonomy":"post_tag","embeddable":true,"href":"https:\/\/blogdoedvaldomagalhaes.com.br\/index.php\/wp-json\/wp\/v2\/tags?post=85606"}],"curies":[{"name":"wp","href":"https:\/\/api.w.org\/{rel}","templated":true}]}}