{"id":85603,"date":"2022-07-24T20:19:53","date_gmt":"2022-07-24T23:19:53","guid":{"rendered":"https:\/\/blogdoedvaldomagalhaes.com.br\/?p=85603"},"modified":"2022-07-24T20:19:54","modified_gmt":"2022-07-24T23:19:54","slug":"homem-e-preso-com-carro-roubado","status":"publish","type":"post","link":"https:\/\/blogdoedvaldomagalhaes.com.br\/index.php\/2022\/07\/24\/homem-e-preso-com-carro-roubado\/","title":{"rendered":"Homem \u00e9 preso com carro roubado"},"content":{"rendered":"<p style=\"text-align: justify;\"><span style=\"font-size: inherit;\">Policiais militares prenderam, na manh\u00e3 deste domingo(24), um homem conduzindo um carro roubado em Cal\u00e7ado, no Agreste pernambucano.<\/span><\/p>\n<p style=\"text-align: justify;\"><span style=\"font-size: inherit;\"> O efetivo realizava rondas na cidade quando cruzou com um Gol cinza. Foi dada voz de parada, mas o homem n\u00e3o tinha Carteira de Habilita\u00e7\u00e3o nem a CRLV do ve\u00edculo, documentos de porte obrigat\u00f3rio. A realizar a abordagem veicular, foi verificado que havia uma restri\u00e7\u00e3o para roubo no sistema do Detran. <\/span><\/p>\n<p style=\"text-align: justify;\"><span style=\"font-size: inherit;\">Diante dos fatos, o envolvido foi encaminhado para a Delegacia de Plant\u00e3o de Lajedo, onde foram tomadas as provid\u00eancias cab\u00edveis.<\/span><\/p>\n","protected":false},"excerpt":{"rendered":"<p>Policiais militares prenderam, na manh\u00e3 deste domingo(24), um homem conduzindo um carro roubado em Cal\u00e7ado, no Agreste pernambucano. O efetivo&hellip;<\/p>\n","protected":false},"author":1,"featured_media":85604,"comment_status":"open","ping_status":"open","sticky":false,"template":"","format":"standard","meta":{"footnotes":""},"categories":[14121],"tags":[2,19532,3406,25147],"class_list":["post-85603","post","type-post","status-publish","format-standard","has-post-thumbnail","hentry","category-policial","tag-blog-do-edvaldo-magalhaes","tag-blog-mais-acessado-e-visualizado-de-caruaru-e-regiao","tag-caruaru","tag-homem-e-preso-com-carro-roubado"],"_links":{"self":[{"href":"https:\/\/blogdoedvaldomagalhaes.com.br\/index.php\/wp-json\/wp\/v2\/posts\/85603","targetHints":{"allow":["GET"]}}],"collection":[{"href":"https:\/\/blogdoedvaldomagalhaes.com.br\/index.php\/wp-json\/wp\/v2\/posts"}],"about":[{"href":"https:\/\/blogdoedvaldomagalhaes.com.br\/index.php\/wp-json\/wp\/v2\/types\/post"}],"author":[{"embeddable":true,"href":"https:\/\/blogdoedvaldomagalhaes.com.br\/index.php\/wp-json\/wp\/v2\/users\/1"}],"replies":[{"embeddable":true,"href":"https:\/\/blogdoedvaldomagalhaes.com.br\/index.php\/wp-json\/wp\/v2\/comments?post=85603"}],"version-history":[{"count":1,"href":"https:\/\/blogdoedvaldomagalhaes.com.br\/index.php\/wp-json\/wp\/v2\/posts\/85603\/revisions"}],"predecessor-version":[{"id":85605,"href":"https:\/\/blogdoedvaldomagalhaes.com.br\/index.php\/wp-json\/wp\/v2\/posts\/85603\/revisions\/85605"}],"wp:featuredmedia":[{"embeddable":true,"href":"https:\/\/blogdoedvaldomagalhaes.com.br\/index.php\/wp-json\/wp\/v2\/media\/85604"}],"wp:attachment":[{"href":"https:\/\/blogdoedvaldomagalhaes.com.br\/index.php\/wp-json\/wp\/v2\/media?parent=85603"}],"wp:term":[{"taxonomy":"category","embeddable":true,"href":"https:\/\/blogdoedvaldomagalhaes.com.br\/index.php\/wp-json\/wp\/v2\/categories?post=85603"},{"taxonomy":"post_tag","embeddable":true,"href":"https:\/\/blogdoedvaldomagalhaes.com.br\/index.php\/wp-json\/wp\/v2\/tags?post=85603"}],"curies":[{"name":"wp","href":"https:\/\/api.w.org\/{rel}","templated":true}]}}