{"id":85600,"date":"2022-07-24T20:13:10","date_gmt":"2022-07-24T23:13:10","guid":{"rendered":"https:\/\/blogdoedvaldomagalhaes.com.br\/?p=85600"},"modified":"2022-07-24T20:13:12","modified_gmt":"2022-07-24T23:13:12","slug":"dono-de-bar-e-preso-com-armas-e-drogas","status":"publish","type":"post","link":"https:\/\/blogdoedvaldomagalhaes.com.br\/index.php\/2022\/07\/24\/dono-de-bar-e-preso-com-armas-e-drogas\/","title":{"rendered":"Dono de bar \u00e9 preso com armas e drogas"},"content":{"rendered":"<p style=\"text-align: justify;\"><span style=\"font-size: inherit;\">Um homem foi preso, na tarde deste domingo(24), por porte ilegal de arma de fogo, muni\u00e7\u00f5es e entorpecentes no povoado de Murici Velho, na zona rural de Cabrob\u00f3. <\/span><\/p>\n<p style=\"text-align: justify;\"><span style=\"font-size: inherit;\">Policiais militares da 2\u00aa CIPM receberam den\u00fancia e foram at\u00e9 o local indicado, um bar de propriedade do suspeito. Ao ser questionado sobre o material, ele admitiu a posse das armas e franqueou a entrada do efetivo em sua resid\u00eancia, que fica em frente ao estabelecimento comercial. No interior da casa, foram localizadas duas espingardas, sendo uma calibre .32 e outra de fabrica\u00e7\u00e3o caseira, 20 cartuchos intactos e 17 deflagrados de calibre 32, chumbo, p\u00f3lvora, espoletas e 13g de maconha. <\/span><\/p>\n<p style=\"text-align: justify;\"><span style=\"font-size: inherit;\">Diante dos fatos, o envolvido foi apresentado, juntamente com o material apreendido, na Delegacia de Plant\u00e3o de Santa Maria da Boa Vista, para a tomada das medidas cab\u00edveis.<\/span><\/p>\n","protected":false},"excerpt":{"rendered":"<p>Um homem foi preso, na tarde deste domingo(24), por porte ilegal de arma de fogo, muni\u00e7\u00f5es e entorpecentes no povoado&hellip;<\/p>\n","protected":false},"author":1,"featured_media":85601,"comment_status":"open","ping_status":"open","sticky":false,"template":"","format":"standard","meta":{"footnotes":""},"categories":[14121],"tags":[2,19532,3406,25146],"class_list":["post-85600","post","type-post","status-publish","format-standard","has-post-thumbnail","hentry","category-policial","tag-blog-do-edvaldo-magalhaes","tag-blog-mais-acessado-e-visualizado-de-caruaru-e-regiao","tag-caruaru","tag-dono-de-bar-e-preso-com-armas-e-drogas"],"_links":{"self":[{"href":"https:\/\/blogdoedvaldomagalhaes.com.br\/index.php\/wp-json\/wp\/v2\/posts\/85600","targetHints":{"allow":["GET"]}}],"collection":[{"href":"https:\/\/blogdoedvaldomagalhaes.com.br\/index.php\/wp-json\/wp\/v2\/posts"}],"about":[{"href":"https:\/\/blogdoedvaldomagalhaes.com.br\/index.php\/wp-json\/wp\/v2\/types\/post"}],"author":[{"embeddable":true,"href":"https:\/\/blogdoedvaldomagalhaes.com.br\/index.php\/wp-json\/wp\/v2\/users\/1"}],"replies":[{"embeddable":true,"href":"https:\/\/blogdoedvaldomagalhaes.com.br\/index.php\/wp-json\/wp\/v2\/comments?post=85600"}],"version-history":[{"count":1,"href":"https:\/\/blogdoedvaldomagalhaes.com.br\/index.php\/wp-json\/wp\/v2\/posts\/85600\/revisions"}],"predecessor-version":[{"id":85602,"href":"https:\/\/blogdoedvaldomagalhaes.com.br\/index.php\/wp-json\/wp\/v2\/posts\/85600\/revisions\/85602"}],"wp:featuredmedia":[{"embeddable":true,"href":"https:\/\/blogdoedvaldomagalhaes.com.br\/index.php\/wp-json\/wp\/v2\/media\/85601"}],"wp:attachment":[{"href":"https:\/\/blogdoedvaldomagalhaes.com.br\/index.php\/wp-json\/wp\/v2\/media?parent=85600"}],"wp:term":[{"taxonomy":"category","embeddable":true,"href":"https:\/\/blogdoedvaldomagalhaes.com.br\/index.php\/wp-json\/wp\/v2\/categories?post=85600"},{"taxonomy":"post_tag","embeddable":true,"href":"https:\/\/blogdoedvaldomagalhaes.com.br\/index.php\/wp-json\/wp\/v2\/tags?post=85600"}],"curies":[{"name":"wp","href":"https:\/\/api.w.org\/{rel}","templated":true}]}}