{"id":85595,"date":"2022-07-24T18:30:58","date_gmt":"2022-07-24T21:30:58","guid":{"rendered":"https:\/\/blogdoedvaldomagalhaes.com.br\/?p=85595"},"modified":"2022-07-24T18:46:00","modified_gmt":"2022-07-24T21:46:00","slug":"vereador-irmao-ronaldo-acompanha-reivindicacoes-para-melhorias-no-bairro-kennedy","status":"publish","type":"post","link":"https:\/\/blogdoedvaldomagalhaes.com.br\/index.php\/2022\/07\/24\/vereador-irmao-ronaldo-acompanha-reivindicacoes-para-melhorias-no-bairro-kennedy\/","title":{"rendered":"Vereador Irm\u00e3o Ronaldo acompanha reivindica\u00e7\u00f5es para melhorias no bairro Kennedy"},"content":{"rendered":"<p style=\"text-align: justify;\">O vereador Irm\u00e3o Ronaldo acompanhou o novo presidente da Associa\u00e7\u00e3o dos Moradores do Bairro Kennedy, Ivanildo Justino e a vice-presidente, na secretaria municipal de Servi\u00e7os P\u00fablicos, junto ao secret\u00e1rio Yt\u00e1lo Farias, reivindicando melhorias para o bairro Kennedy.<\/p>\n\n\n<figure class=\"wp-block-image size-large\"><img loading=\"lazy\" decoding=\"async\" width=\"576\" height=\"1024\" src=\"https:\/\/blogdoedvaldomagalhaes.com.br\/wp-content\/uploads\/2022\/07\/IMG-20220722-WA0211-576x1024.jpg\" alt=\"\" class=\"wp-image-85597\" srcset=\"https:\/\/blogdoedvaldomagalhaes.com.br\/wp-content\/uploads\/2022\/07\/IMG-20220722-WA0211-576x1024.jpg 576w, https:\/\/blogdoedvaldomagalhaes.com.br\/wp-content\/uploads\/2022\/07\/IMG-20220722-WA0211-169x300.jpg 169w, https:\/\/blogdoedvaldomagalhaes.com.br\/wp-content\/uploads\/2022\/07\/IMG-20220722-WA0211-768x1365.jpg 768w, https:\/\/blogdoedvaldomagalhaes.com.br\/wp-content\/uploads\/2022\/07\/IMG-20220722-WA0211-864x1536.jpg 864w, https:\/\/blogdoedvaldomagalhaes.com.br\/wp-content\/uploads\/2022\/07\/IMG-20220722-WA0211.jpg 900w\" sizes=\"auto, (max-width: 576px) 100vw, 576px\" \/><\/figure>\n","protected":false},"excerpt":{"rendered":"<p>O vereador Irm\u00e3o Ronaldo acompanhou o novo presidente da Associa\u00e7\u00e3o dos Moradores do Bairro Kennedy, Ivanildo Justino e a vice-presidente,&hellip;<\/p>\n","protected":false},"author":1,"featured_media":85599,"comment_status":"open","ping_status":"open","sticky":false,"template":"","format":"standard","meta":{"footnotes":""},"categories":[14122],"tags":[2,19532,3406,25145],"class_list":["post-85595","post","type-post","status-publish","format-standard","has-post-thumbnail","hentry","category-politica","tag-blog-do-edvaldo-magalhaes","tag-blog-mais-acessado-e-visualizado-de-caruaru-e-regiao","tag-caruaru","tag-vereador-irmao-ronaldo-acompanha-reivindicacoes-para-melhorias-no-bairro-kennedy"],"_links":{"self":[{"href":"https:\/\/blogdoedvaldomagalhaes.com.br\/index.php\/wp-json\/wp\/v2\/posts\/85595","targetHints":{"allow":["GET"]}}],"collection":[{"href":"https:\/\/blogdoedvaldomagalhaes.com.br\/index.php\/wp-json\/wp\/v2\/posts"}],"about":[{"href":"https:\/\/blogdoedvaldomagalhaes.com.br\/index.php\/wp-json\/wp\/v2\/types\/post"}],"author":[{"embeddable":true,"href":"https:\/\/blogdoedvaldomagalhaes.com.br\/index.php\/wp-json\/wp\/v2\/users\/1"}],"replies":[{"embeddable":true,"href":"https:\/\/blogdoedvaldomagalhaes.com.br\/index.php\/wp-json\/wp\/v2\/comments?post=85595"}],"version-history":[{"count":1,"href":"https:\/\/blogdoedvaldomagalhaes.com.br\/index.php\/wp-json\/wp\/v2\/posts\/85595\/revisions"}],"predecessor-version":[{"id":85598,"href":"https:\/\/blogdoedvaldomagalhaes.com.br\/index.php\/wp-json\/wp\/v2\/posts\/85595\/revisions\/85598"}],"wp:featuredmedia":[{"embeddable":true,"href":"https:\/\/blogdoedvaldomagalhaes.com.br\/index.php\/wp-json\/wp\/v2\/media\/85599"}],"wp:attachment":[{"href":"https:\/\/blogdoedvaldomagalhaes.com.br\/index.php\/wp-json\/wp\/v2\/media?parent=85595"}],"wp:term":[{"taxonomy":"category","embeddable":true,"href":"https:\/\/blogdoedvaldomagalhaes.com.br\/index.php\/wp-json\/wp\/v2\/categories?post=85595"},{"taxonomy":"post_tag","embeddable":true,"href":"https:\/\/blogdoedvaldomagalhaes.com.br\/index.php\/wp-json\/wp\/v2\/tags?post=85595"}],"curies":[{"name":"wp","href":"https:\/\/api.w.org\/{rel}","templated":true}]}}