{"id":85592,"date":"2022-07-24T15:55:44","date_gmt":"2022-07-24T18:55:44","guid":{"rendered":"https:\/\/blogdoedvaldomagalhaes.com.br\/?p=85592"},"modified":"2022-07-24T15:55:45","modified_gmt":"2022-07-24T18:55:45","slug":"miguel-coelho-impulsiona-pre-campanha-em-caruaru-com-agenda-intensa-e-atos-politicos","status":"publish","type":"post","link":"https:\/\/blogdoedvaldomagalhaes.com.br\/index.php\/2022\/07\/24\/miguel-coelho-impulsiona-pre-campanha-em-caruaru-com-agenda-intensa-e-atos-politicos\/","title":{"rendered":"Miguel Coelho impulsiona pr\u00e9-campanha em Caruaru com agenda intensa e atos pol\u00edticos"},"content":{"rendered":"<p><span style=\"font-size: inherit;\">A pr\u00e9-campanha de Miguel Coelho ao governo de Pernambuco teve uma amostra de vigor, neste s\u00e1bado (23), na \u201cCapital do Forr\u00f3\u201d. Na passagem por Caruaru, o ex-prefeito de Petrolina reuniu aliados e participou de v\u00e1rios eventos para fortalecer sua presen\u00e7a no Agreste Central.<\/span><\/p>\n<p>Ao lado da pr\u00e9-candidata a vice na chapa, Alessandra Vieira, Miguel iniciou a agenda em um almo\u00e7o com empres\u00e1rios caruaruenses. O encontro teve a participa\u00e7\u00e3o de lideran\u00e7as como os pr\u00e9-candidatos a federal Douglas Cintra, Mendon\u00e7a Filho e Marcos Amaral, a estadual Raffi\u00ea Dellon, Dilson Olliveira e Coronel Osthervald; al\u00e9m de Manoel Santos &#8211; presidente municipal do Uni\u00e3o Brasil. Miguel ainda participou de um debate durante a tarde na Federa\u00e7\u00e3o das Ind\u00fastrias de Pernambuco &#8211; Fiepe.<\/p>\n<p>\u00c0 noite, Miguel e Alessandra estiveram em dois grandes eventos populares. Primeiro, a dupla lan\u00e7ou a pr\u00e9-candidatura do Coronel Osthervald a deputado estadual, que ir\u00e1 dobrar na cidade com o pr\u00e9-candidato a federal Pastor Jairinho.<\/p>\n<p>A agenda foi conclu\u00edda num grande ato com centenas de caruaruenses. O pr\u00e9-candidato a deputado estadual Raffi\u00ea Dellon reuniu aliados, prefeitos e lideran\u00e7as pol\u00edticas regionais para defender os nomes de Miguel e Alessandra para a mudan\u00e7a em Pernambuco e tamb\u00e9m falar de suas propostas para a disputa de uma vaga na Assembleia Legislativa.<\/p>\n<p>Na intensa agenda em Caruaru, Miguel destacou a import\u00e2ncia estrat\u00e9gica da cidade e se comprometeu a alavancar os investimentos na regi\u00e3o. \u201cO Agreste tem que ser respeitado, \u00e9 uma regi\u00e3o pujante, de economia forte e gente trabalhadora, n\u00e3o merece esse abandono&#8221; disse. &#8220;N\u00f3s vamos tratar o Agreste com amor, zelo e aten\u00e7\u00e3o, vamos recuperar estradas, ajudar os empreendedores, cuidar da sa\u00fade e da educa\u00e7\u00e3o, valorizar a cultura. O povo pernambucano n\u00e3o aguenta mais ser maltratado, largado, e n\u00f3s vamos devolver Pernambuco ao seu verdadeiro lugar&#8221;, completou Miguel.<\/p>\n","protected":false},"excerpt":{"rendered":"<p>A pr\u00e9-campanha de Miguel Coelho ao governo de Pernambuco teve uma amostra de vigor, neste s\u00e1bado (23), na \u201cCapital do&hellip;<\/p>\n","protected":false},"author":1,"featured_media":85593,"comment_status":"open","ping_status":"open","sticky":false,"template":"","format":"standard","meta":{"footnotes":""},"categories":[14122],"tags":[2,19532,3406,25144,20],"class_list":["post-85592","post","type-post","status-publish","format-standard","has-post-thumbnail","hentry","category-politica","tag-blog-do-edvaldo-magalhaes","tag-blog-mais-acessado-e-visualizado-de-caruaru-e-regiao","tag-caruaru","tag-miguel-coelho-impulsiona-pre-campanha-em-caruaru-com-agenda-intensa-e-atos-politicos","tag-politica"],"_links":{"self":[{"href":"https:\/\/blogdoedvaldomagalhaes.com.br\/index.php\/wp-json\/wp\/v2\/posts\/85592","targetHints":{"allow":["GET"]}}],"collection":[{"href":"https:\/\/blogdoedvaldomagalhaes.com.br\/index.php\/wp-json\/wp\/v2\/posts"}],"about":[{"href":"https:\/\/blogdoedvaldomagalhaes.com.br\/index.php\/wp-json\/wp\/v2\/types\/post"}],"author":[{"embeddable":true,"href":"https:\/\/blogdoedvaldomagalhaes.com.br\/index.php\/wp-json\/wp\/v2\/users\/1"}],"replies":[{"embeddable":true,"href":"https:\/\/blogdoedvaldomagalhaes.com.br\/index.php\/wp-json\/wp\/v2\/comments?post=85592"}],"version-history":[{"count":1,"href":"https:\/\/blogdoedvaldomagalhaes.com.br\/index.php\/wp-json\/wp\/v2\/posts\/85592\/revisions"}],"predecessor-version":[{"id":85594,"href":"https:\/\/blogdoedvaldomagalhaes.com.br\/index.php\/wp-json\/wp\/v2\/posts\/85592\/revisions\/85594"}],"wp:featuredmedia":[{"embeddable":true,"href":"https:\/\/blogdoedvaldomagalhaes.com.br\/index.php\/wp-json\/wp\/v2\/media\/85593"}],"wp:attachment":[{"href":"https:\/\/blogdoedvaldomagalhaes.com.br\/index.php\/wp-json\/wp\/v2\/media?parent=85592"}],"wp:term":[{"taxonomy":"category","embeddable":true,"href":"https:\/\/blogdoedvaldomagalhaes.com.br\/index.php\/wp-json\/wp\/v2\/categories?post=85592"},{"taxonomy":"post_tag","embeddable":true,"href":"https:\/\/blogdoedvaldomagalhaes.com.br\/index.php\/wp-json\/wp\/v2\/tags?post=85592"}],"curies":[{"name":"wp","href":"https:\/\/api.w.org\/{rel}","templated":true}]}}