{"id":85588,"date":"2022-07-24T09:33:38","date_gmt":"2022-07-24T12:33:38","guid":{"rendered":"https:\/\/blogdoedvaldomagalhaes.com.br\/?p=85588"},"modified":"2022-07-24T09:33:39","modified_gmt":"2022-07-24T12:33:39","slug":"lessa-participa-do-lancamento-de-pre-candidatura-a-deputado-federal-do-delegado-israel-em-arcoverde","status":"publish","type":"post","link":"https:\/\/blogdoedvaldomagalhaes.com.br\/index.php\/2022\/07\/24\/lessa-participa-do-lancamento-de-pre-candidatura-a-deputado-federal-do-delegado-israel-em-arcoverde\/","title":{"rendered":"Lessa participa do lan\u00e7amento de pr\u00e9-candidatura a deputado federal do Delegado Israel em Arcoverde"},"content":{"rendered":"<p style=\"text-align: justify;\"><span style=\"font-size: inherit;\">O deputado estadual Erick Lessa participou do lan\u00e7amento de pr\u00e9-candidatura do Delegado Israel a deputado federal. O evento ocorreu no s\u00e1bado (23) em Arcoverde, munic\u00edpio do qual o Delegado Israel \u00e9 vice-prefeito.<\/span><\/p>\n<p style=\"text-align: justify;\">Na ocasi\u00e3o, Lessa ressaltou que Israel est\u00e1 sintonizado com as demandas populares. \u201cEle \u00e9 um exemplo de uma lideran\u00e7a que conhece, trabalha e se importa com a vida das pessoas\u201d, declarou, sob aplausos do p\u00fablico.<\/p>\n<p style=\"text-align: justify;\">Nova lideran\u00e7a pol\u00edtica de Arcoverde, Israel \u00e9 uma das apostas do Progressistas para o pleito, que pode surpreender neste ano de 2022. O pr\u00e9-candidato a uma vaga na C\u00e2mara Federal agradeceu pela presen\u00e7a de Lessa, com quem far\u00e1 dobradinha na regi\u00e3o. \u201cO deputado Lessa mostrou que \u00e9 poss\u00edvel empreender um trabalho diferenciado na Assembleia Legislativa\u201d, destacou, salientando que a continuidade desse projeto resultar\u00e1 em mais desenvolvimento para o estado de Pernambuco.<\/p>\n<p style=\"text-align: justify;\">Ambos delegados de Pol\u00edcia Civil, Lessa e Israel t\u00eam se destacado no cen\u00e1rio pol\u00edtico. Em parceria, est\u00e3o concluindo o Novo Pacto Pela Vida, documento que prev\u00ea diretrizes visando a solucionar gargalos da seguran\u00e7a p\u00fablica em Pernambuco.<\/p>\n<p style=\"text-align: justify;\">Foto: Viliane Gomes.<\/p>\n","protected":false},"excerpt":{"rendered":"<p>O deputado estadual Erick Lessa participou do lan\u00e7amento de pr\u00e9-candidatura do Delegado Israel a deputado federal. O evento ocorreu no&hellip;<\/p>\n","protected":false},"author":1,"featured_media":85589,"comment_status":"open","ping_status":"open","sticky":false,"template":"","format":"standard","meta":{"footnotes":""},"categories":[14122],"tags":[2,19532,3406,25143],"class_list":["post-85588","post","type-post","status-publish","format-standard","has-post-thumbnail","hentry","category-politica","tag-blog-do-edvaldo-magalhaes","tag-blog-mais-acessado-e-visualizado-de-caruaru-e-regiao","tag-caruaru","tag-lessa-participa-do-lancamento-de-pre-candidatura-a-deputado-federal-do-delegado-israel-em-arcoverde"],"_links":{"self":[{"href":"https:\/\/blogdoedvaldomagalhaes.com.br\/index.php\/wp-json\/wp\/v2\/posts\/85588","targetHints":{"allow":["GET"]}}],"collection":[{"href":"https:\/\/blogdoedvaldomagalhaes.com.br\/index.php\/wp-json\/wp\/v2\/posts"}],"about":[{"href":"https:\/\/blogdoedvaldomagalhaes.com.br\/index.php\/wp-json\/wp\/v2\/types\/post"}],"author":[{"embeddable":true,"href":"https:\/\/blogdoedvaldomagalhaes.com.br\/index.php\/wp-json\/wp\/v2\/users\/1"}],"replies":[{"embeddable":true,"href":"https:\/\/blogdoedvaldomagalhaes.com.br\/index.php\/wp-json\/wp\/v2\/comments?post=85588"}],"version-history":[{"count":1,"href":"https:\/\/blogdoedvaldomagalhaes.com.br\/index.php\/wp-json\/wp\/v2\/posts\/85588\/revisions"}],"predecessor-version":[{"id":85590,"href":"https:\/\/blogdoedvaldomagalhaes.com.br\/index.php\/wp-json\/wp\/v2\/posts\/85588\/revisions\/85590"}],"wp:featuredmedia":[{"embeddable":true,"href":"https:\/\/blogdoedvaldomagalhaes.com.br\/index.php\/wp-json\/wp\/v2\/media\/85589"}],"wp:attachment":[{"href":"https:\/\/blogdoedvaldomagalhaes.com.br\/index.php\/wp-json\/wp\/v2\/media?parent=85588"}],"wp:term":[{"taxonomy":"category","embeddable":true,"href":"https:\/\/blogdoedvaldomagalhaes.com.br\/index.php\/wp-json\/wp\/v2\/categories?post=85588"},{"taxonomy":"post_tag","embeddable":true,"href":"https:\/\/blogdoedvaldomagalhaes.com.br\/index.php\/wp-json\/wp\/v2\/tags?post=85588"}],"curies":[{"name":"wp","href":"https:\/\/api.w.org\/{rel}","templated":true}]}}