{"id":85584,"date":"2022-07-24T09:24:01","date_gmt":"2022-07-24T12:24:01","guid":{"rendered":"https:\/\/blogdoedvaldomagalhaes.com.br\/?p=85584"},"modified":"2022-07-24T09:24:03","modified_gmt":"2022-07-24T12:24:03","slug":"raffie-lanca-pre-candidatura-para-deputado-estadual-em-caruaru","status":"publish","type":"post","link":"https:\/\/blogdoedvaldomagalhaes.com.br\/index.php\/2022\/07\/24\/raffie-lanca-pre-candidatura-para-deputado-estadual-em-caruaru\/","title":{"rendered":"Raffi\u00ea lan\u00e7a pr\u00e9-candidatura para deputado estadual em Caruaru"},"content":{"rendered":"<p style=\"text-align: justify;\"><span style=\"font-size: inherit;\">Raffi\u00ea Dellon (UB) lan\u00e7ou sua pr\u00e9-candidatura a deputado estadual, em grande evento realizado em Caruaru, na noite deste s\u00e1bado (23), no Espa\u00e7o Renato Machado. O encontro contou com a presen\u00e7a do pr\u00e9-candidato a governador Miguel Coelho, Alessandra Vieira, pr\u00e9-candidata a vice-governadora e Marcos Amaral, pr\u00e9-candidato a deputado federal.<\/span><\/p>\n<p style=\"text-align: justify;\">O evento contou ainda com a participa\u00e7\u00e3o de Lucielle Laurentino, prefeita de Bezerros, Josafa Almeida, prefeito de S\u00e3o Caetano, Eduardo Hon\u00f3rio, prefeito de Goiana e Braz Neto, pr\u00e9-candidato a prefeito de Joaquim Nabuco.<\/p>\n<p style=\"text-align: justify;\">\u201cN\u00f3s acreditamos na mudan\u00e7a, no futuro e na for\u00e7a do nosso trabalho. Podemos mudar a sociedade atrav\u00e9s da pol\u00edtica. H\u00e1 muito tempo tenho um pr\u00f3posito e venho desempenhando ele com muito esfor\u00e7o, coer\u00eancia e independ\u00eancia. Qual \u00e9 impactar positivamente a vida das pessoas\u201d, concluiu Raffi\u00ea.<\/p>\n<p style=\"text-align: justify;\">O evento organizado pelo partido contou com mais de 600 pessoas, representantes e lideran\u00e7as pol\u00edticas de todas as regi\u00f5es de Pernambuco.<\/p>\n\n\n<figure class=\"wp-block-image size-large\"><img loading=\"lazy\" decoding=\"async\" width=\"948\" height=\"642\" src=\"https:\/\/blogdoedvaldomagalhaes.com.br\/wp-content\/uploads\/2022\/07\/IMG-20220724-WA0011.jpg\" alt=\"\" class=\"wp-image-85586\" srcset=\"https:\/\/blogdoedvaldomagalhaes.com.br\/wp-content\/uploads\/2022\/07\/IMG-20220724-WA0011.jpg 948w, https:\/\/blogdoedvaldomagalhaes.com.br\/wp-content\/uploads\/2022\/07\/IMG-20220724-WA0011-300x203.jpg 300w, https:\/\/blogdoedvaldomagalhaes.com.br\/wp-content\/uploads\/2022\/07\/IMG-20220724-WA0011-768x520.jpg 768w\" sizes=\"auto, (max-width: 948px) 100vw, 948px\" \/><figcaption>Fotos: Andreza Ferreira<\/figcaption><\/figure>\n","protected":false},"excerpt":{"rendered":"<p>Raffi\u00ea Dellon (UB) lan\u00e7ou sua pr\u00e9-candidatura a deputado estadual, em grande evento realizado em Caruaru, na noite deste s\u00e1bado (23),&hellip;<\/p>\n","protected":false},"author":1,"featured_media":85585,"comment_status":"open","ping_status":"open","sticky":false,"template":"","format":"standard","meta":{"footnotes":""},"categories":[14122],"tags":[2,19532,3406,25142],"class_list":["post-85584","post","type-post","status-publish","format-standard","has-post-thumbnail","hentry","category-politica","tag-blog-do-edvaldo-magalhaes","tag-blog-mais-acessado-e-visualizado-de-caruaru-e-regiao","tag-caruaru","tag-raffie-lanca-pre-candidatura-para-deputado-estadual-em-caruaru"],"_links":{"self":[{"href":"https:\/\/blogdoedvaldomagalhaes.com.br\/index.php\/wp-json\/wp\/v2\/posts\/85584","targetHints":{"allow":["GET"]}}],"collection":[{"href":"https:\/\/blogdoedvaldomagalhaes.com.br\/index.php\/wp-json\/wp\/v2\/posts"}],"about":[{"href":"https:\/\/blogdoedvaldomagalhaes.com.br\/index.php\/wp-json\/wp\/v2\/types\/post"}],"author":[{"embeddable":true,"href":"https:\/\/blogdoedvaldomagalhaes.com.br\/index.php\/wp-json\/wp\/v2\/users\/1"}],"replies":[{"embeddable":true,"href":"https:\/\/blogdoedvaldomagalhaes.com.br\/index.php\/wp-json\/wp\/v2\/comments?post=85584"}],"version-history":[{"count":1,"href":"https:\/\/blogdoedvaldomagalhaes.com.br\/index.php\/wp-json\/wp\/v2\/posts\/85584\/revisions"}],"predecessor-version":[{"id":85587,"href":"https:\/\/blogdoedvaldomagalhaes.com.br\/index.php\/wp-json\/wp\/v2\/posts\/85584\/revisions\/85587"}],"wp:featuredmedia":[{"embeddable":true,"href":"https:\/\/blogdoedvaldomagalhaes.com.br\/index.php\/wp-json\/wp\/v2\/media\/85585"}],"wp:attachment":[{"href":"https:\/\/blogdoedvaldomagalhaes.com.br\/index.php\/wp-json\/wp\/v2\/media?parent=85584"}],"wp:term":[{"taxonomy":"category","embeddable":true,"href":"https:\/\/blogdoedvaldomagalhaes.com.br\/index.php\/wp-json\/wp\/v2\/categories?post=85584"},{"taxonomy":"post_tag","embeddable":true,"href":"https:\/\/blogdoedvaldomagalhaes.com.br\/index.php\/wp-json\/wp\/v2\/tags?post=85584"}],"curies":[{"name":"wp","href":"https:\/\/api.w.org\/{rel}","templated":true}]}}