{"id":85581,"date":"2022-07-23T21:52:41","date_gmt":"2022-07-24T00:52:41","guid":{"rendered":"https:\/\/blogdoedvaldomagalhaes.com.br\/?p=85581"},"modified":"2022-07-26T18:09:17","modified_gmt":"2022-07-26T21:09:17","slug":"eleicao-e-realizada-neste-sabado-e-adauto-freire-e-o-novo-presidente-do-central-de-caruaru","status":"publish","type":"post","link":"https:\/\/blogdoedvaldomagalhaes.com.br\/index.php\/2022\/07\/23\/eleicao-e-realizada-neste-sabado-e-adauto-freire-e-o-novo-presidente-do-central-de-caruaru\/","title":{"rendered":"Elei\u00e7\u00e3o \u00e9 realizada neste s\u00e1bado e Adauto Freire \u00e9 o novo presidente do Central de Caruaru"},"content":{"rendered":"<p style=\"text-align: justify;\">A Junta Governativa do Central Sport Club foi definida na tarde dessa sexta-feira (22), e realizou neste s\u00e1bado (23), a elei\u00e7\u00e3o da nova diretoria do Central Sport Club no Espa\u00e7o Patricio Santos, nas depend\u00eancias do Est\u00e1dio Lacerd\u00e3o, sendo eleito Adauto Freire como novo presidente da Institui\u00e7\u00e3o centen\u00e1ria de Caruaru.<\/p>\n<p style=\"text-align: justify;\">Confira a composi\u00e7\u00e3o da nova diretoria do Central para o bi\u00eanio 2022\/2024:<\/p>\n<p style=\"text-align: justify;\">Presidente executivo: Adauto Freire<br \/>\n1\u00b0 vice-presidente: Sivaldo Oliveira<br \/>\n2\u00b0 vice-presidente: Adjanio Soares<br \/>\nTesoureiro: Eduardo Mendon\u00e7a<br \/>\nSecret\u00e1rio executivo: Luciel Emerson<\/p>\n<p style=\"text-align: justify;\">Presidente do Conselho Deliberativo: T\u00falio Omena<br \/>\nVice-presidente: S\u00e9rgio Pepeu<br \/>\nSecret\u00e1rios: Dem\u00f3stenes F\u00e9lix e J\u00fanior da Farm\u00e1cia<\/p>\n<p style=\"text-align: justify;\">Conselho Fiscal: Jorge Casagrande, Jandoval Bezerra, Edson Rosal, Lindinaldo Flor\u00eancio, J\u00falio Menezes e Anderson Manoel<\/p>\n","protected":false},"excerpt":{"rendered":"<p>A Junta Governativa do Central Sport Club foi definida na tarde dessa sexta-feira (22), e realizou neste s\u00e1bado (23), a&hellip;<\/p>\n","protected":false},"author":1,"featured_media":85582,"comment_status":"open","ping_status":"open","sticky":false,"template":"","format":"standard","meta":{"footnotes":""},"categories":[14120],"tags":[2,19532,3406,25141,3],"class_list":["post-85581","post","type-post","status-publish","format-standard","has-post-thumbnail","hentry","category-noticias","tag-blog-do-edvaldo-magalhaes","tag-blog-mais-acessado-e-visualizado-de-caruaru-e-regiao","tag-caruaru","tag-eleicao-e-realizada-neste-sabado-e-adauto-freire-e-o-novo-presidente-do-central-de-caruaru","tag-futebol"],"_links":{"self":[{"href":"https:\/\/blogdoedvaldomagalhaes.com.br\/index.php\/wp-json\/wp\/v2\/posts\/85581","targetHints":{"allow":["GET"]}}],"collection":[{"href":"https:\/\/blogdoedvaldomagalhaes.com.br\/index.php\/wp-json\/wp\/v2\/posts"}],"about":[{"href":"https:\/\/blogdoedvaldomagalhaes.com.br\/index.php\/wp-json\/wp\/v2\/types\/post"}],"author":[{"embeddable":true,"href":"https:\/\/blogdoedvaldomagalhaes.com.br\/index.php\/wp-json\/wp\/v2\/users\/1"}],"replies":[{"embeddable":true,"href":"https:\/\/blogdoedvaldomagalhaes.com.br\/index.php\/wp-json\/wp\/v2\/comments?post=85581"}],"version-history":[{"count":1,"href":"https:\/\/blogdoedvaldomagalhaes.com.br\/index.php\/wp-json\/wp\/v2\/posts\/85581\/revisions"}],"predecessor-version":[{"id":85583,"href":"https:\/\/blogdoedvaldomagalhaes.com.br\/index.php\/wp-json\/wp\/v2\/posts\/85581\/revisions\/85583"}],"wp:featuredmedia":[{"embeddable":true,"href":"https:\/\/blogdoedvaldomagalhaes.com.br\/index.php\/wp-json\/wp\/v2\/media\/85582"}],"wp:attachment":[{"href":"https:\/\/blogdoedvaldomagalhaes.com.br\/index.php\/wp-json\/wp\/v2\/media?parent=85581"}],"wp:term":[{"taxonomy":"category","embeddable":true,"href":"https:\/\/blogdoedvaldomagalhaes.com.br\/index.php\/wp-json\/wp\/v2\/categories?post=85581"},{"taxonomy":"post_tag","embeddable":true,"href":"https:\/\/blogdoedvaldomagalhaes.com.br\/index.php\/wp-json\/wp\/v2\/tags?post=85581"}],"curies":[{"name":"wp","href":"https:\/\/api.w.org\/{rel}","templated":true}]}}