{"id":85577,"date":"2022-07-23T09:25:45","date_gmt":"2022-07-23T12:25:45","guid":{"rendered":"https:\/\/blogdoedvaldomagalhaes.com.br\/?p=85577"},"modified":"2022-07-23T09:29:01","modified_gmt":"2022-07-23T12:29:01","slug":"1-arraia-cafe-com-leite-em-caruaru-neste-sabado-23","status":"publish","type":"post","link":"https:\/\/blogdoedvaldomagalhaes.com.br\/index.php\/2022\/07\/23\/1-arraia-cafe-com-leite-em-caruaru-neste-sabado-23\/","title":{"rendered":"1\u00b0 Arrai\u00e1 Caf\u00e9 com Leite, em Caruaru, neste s\u00e1bado (23)"},"content":{"rendered":"<p style=\"text-align: justify;\">O 1\u00b0 Arrai\u00e1 do Caf\u00e9 com Leite, ser\u00e1 realizado a partir das 19h, deste s\u00e1bado (23), na rua Jo\u00e3o de Souza, no bairro Jardim Liberdade, em Caruaru. As atra\u00e7\u00f5es musicais s\u00e3o J\u00e9ssica Andrade e Forr\u00f3 Suar. A organiza\u00e7\u00e3o \u00e9 de Eron Silva, que convida todos para participarem.<\/p>\n<p>Foto: Reprodu\u00e7\u00e3o\/Coffee.<\/p>\n","protected":false},"excerpt":{"rendered":"<p>O 1\u00b0 Arrai\u00e1 do Caf\u00e9 com Leite, ser\u00e1 realizado a partir das 19h, deste s\u00e1bado (23), na rua Jo\u00e3o de&hellip;<\/p>\n","protected":false},"author":1,"featured_media":85579,"comment_status":"open","ping_status":"open","sticky":false,"template":"","format":"standard","meta":{"footnotes":""},"categories":[14120],"tags":[25140,2,19532,3406,13904],"class_list":["post-85577","post","type-post","status-publish","format-standard","has-post-thumbnail","hentry","category-noticias","tag-1-arraia-cafe-com-leite-em-caruaru-neste-sabado-23","tag-blog-do-edvaldo-magalhaes","tag-blog-mais-acessado-e-visualizado-de-caruaru-e-regiao","tag-caruaru","tag-comidas-gigantes"],"_links":{"self":[{"href":"https:\/\/blogdoedvaldomagalhaes.com.br\/index.php\/wp-json\/wp\/v2\/posts\/85577","targetHints":{"allow":["GET"]}}],"collection":[{"href":"https:\/\/blogdoedvaldomagalhaes.com.br\/index.php\/wp-json\/wp\/v2\/posts"}],"about":[{"href":"https:\/\/blogdoedvaldomagalhaes.com.br\/index.php\/wp-json\/wp\/v2\/types\/post"}],"author":[{"embeddable":true,"href":"https:\/\/blogdoedvaldomagalhaes.com.br\/index.php\/wp-json\/wp\/v2\/users\/1"}],"replies":[{"embeddable":true,"href":"https:\/\/blogdoedvaldomagalhaes.com.br\/index.php\/wp-json\/wp\/v2\/comments?post=85577"}],"version-history":[{"count":2,"href":"https:\/\/blogdoedvaldomagalhaes.com.br\/index.php\/wp-json\/wp\/v2\/posts\/85577\/revisions"}],"predecessor-version":[{"id":85580,"href":"https:\/\/blogdoedvaldomagalhaes.com.br\/index.php\/wp-json\/wp\/v2\/posts\/85577\/revisions\/85580"}],"wp:featuredmedia":[{"embeddable":true,"href":"https:\/\/blogdoedvaldomagalhaes.com.br\/index.php\/wp-json\/wp\/v2\/media\/85579"}],"wp:attachment":[{"href":"https:\/\/blogdoedvaldomagalhaes.com.br\/index.php\/wp-json\/wp\/v2\/media?parent=85577"}],"wp:term":[{"taxonomy":"category","embeddable":true,"href":"https:\/\/blogdoedvaldomagalhaes.com.br\/index.php\/wp-json\/wp\/v2\/categories?post=85577"},{"taxonomy":"post_tag","embeddable":true,"href":"https:\/\/blogdoedvaldomagalhaes.com.br\/index.php\/wp-json\/wp\/v2\/tags?post=85577"}],"curies":[{"name":"wp","href":"https:\/\/api.w.org\/{rel}","templated":true}]}}