{"id":85564,"date":"2022-07-22T18:00:09","date_gmt":"2022-07-22T21:00:09","guid":{"rendered":"https:\/\/blogdoedvaldomagalhaes.com.br\/?p=85564"},"modified":"2022-07-22T18:00:10","modified_gmt":"2022-07-22T21:00:10","slug":"junta-administrativa-do-central-tem-nomes-definidos-e-uma-das-chapas-desiste-de-disputar-eleicao","status":"publish","type":"post","link":"https:\/\/blogdoedvaldomagalhaes.com.br\/index.php\/2022\/07\/22\/junta-administrativa-do-central-tem-nomes-definidos-e-uma-das-chapas-desiste-de-disputar-eleicao\/","title":{"rendered":"Junta Administrativa do Central tem nomes definidos e uma das chapas desiste de disputar elei\u00e7\u00e3o"},"content":{"rendered":"<p style=\"text-align: justify;\">Os s\u00f3cios benem\u00e9ritos do Central Sport Club se reuniram na tarde desta sexta-feira (22), nas depend\u00eancias do Est\u00e1dio Luiz Jos\u00e9 de Lacerda (Lacerd\u00e3o), e aclamaram os tr\u00eas nomes que far\u00e3o parte da junta administrativa, que ficar\u00e1 a frente do clube at\u00e9 a nova elei\u00e7\u00e3o, que ser\u00e1 realizada em breve.<\/p>\n<p style=\"text-align: justify;\">Os membros s\u00e3o: Clenio Lima, que estava como administrador do clube at\u00e9 a \u00faltima ter\u00e7a-feira (19), o radialista Saulo Lima e o empres\u00e1rio Wanderley J\u00fanior.<\/p>\n<p style=\"text-align: justify;\">Os tr\u00eas formar\u00e3o a junta administrativa e convocar\u00e3o o novo pleito da Patativa do Agreste.<\/p>\n<p style=\"text-align: justify;\">A chapa \u201cCentral de Caruaru, Responsabilidade e Transpar\u00eancia\u201d est\u00e1 fora da disputa do pleito do Central Sport Club. A<span style=\"font-size: inherit;\">l\u00e9m de retirar a a\u00e7\u00e3o, a chapa n\u00e3o vai disputar a elei\u00e7\u00e3o quando houver. E<\/span><span style=\"font-size: inherit;\">\u00a0a chapa \u201cReconstru\u00e7\u00e3o Alvinegra\u201d ser\u00e1 aclamada em breve.<\/span><\/p>\n<p>Fonte: Giro dos Esportes.<\/p>\n","protected":false},"excerpt":{"rendered":"<p>Os s\u00f3cios benem\u00e9ritos do Central Sport Club se reuniram na tarde desta sexta-feira (22), nas depend\u00eancias do Est\u00e1dio Luiz Jos\u00e9&hellip;<\/p>\n","protected":false},"author":1,"featured_media":85565,"comment_status":"open","ping_status":"open","sticky":false,"template":"","format":"standard","meta":{"footnotes":""},"categories":[14120],"tags":[2,19532,3406,3,25138],"class_list":["post-85564","post","type-post","status-publish","format-standard","has-post-thumbnail","hentry","category-noticias","tag-blog-do-edvaldo-magalhaes","tag-blog-mais-acessado-e-visualizado-de-caruaru-e-regiao","tag-caruaru","tag-futebol","tag-junta-administrativa-do-central-tem-nomes-definidos-e-uma-das-chapas-desiste-de-disputar-eleicao"],"_links":{"self":[{"href":"https:\/\/blogdoedvaldomagalhaes.com.br\/index.php\/wp-json\/wp\/v2\/posts\/85564","targetHints":{"allow":["GET"]}}],"collection":[{"href":"https:\/\/blogdoedvaldomagalhaes.com.br\/index.php\/wp-json\/wp\/v2\/posts"}],"about":[{"href":"https:\/\/blogdoedvaldomagalhaes.com.br\/index.php\/wp-json\/wp\/v2\/types\/post"}],"author":[{"embeddable":true,"href":"https:\/\/blogdoedvaldomagalhaes.com.br\/index.php\/wp-json\/wp\/v2\/users\/1"}],"replies":[{"embeddable":true,"href":"https:\/\/blogdoedvaldomagalhaes.com.br\/index.php\/wp-json\/wp\/v2\/comments?post=85564"}],"version-history":[{"count":1,"href":"https:\/\/blogdoedvaldomagalhaes.com.br\/index.php\/wp-json\/wp\/v2\/posts\/85564\/revisions"}],"predecessor-version":[{"id":85566,"href":"https:\/\/blogdoedvaldomagalhaes.com.br\/index.php\/wp-json\/wp\/v2\/posts\/85564\/revisions\/85566"}],"wp:featuredmedia":[{"embeddable":true,"href":"https:\/\/blogdoedvaldomagalhaes.com.br\/index.php\/wp-json\/wp\/v2\/media\/85565"}],"wp:attachment":[{"href":"https:\/\/blogdoedvaldomagalhaes.com.br\/index.php\/wp-json\/wp\/v2\/media?parent=85564"}],"wp:term":[{"taxonomy":"category","embeddable":true,"href":"https:\/\/blogdoedvaldomagalhaes.com.br\/index.php\/wp-json\/wp\/v2\/categories?post=85564"},{"taxonomy":"post_tag","embeddable":true,"href":"https:\/\/blogdoedvaldomagalhaes.com.br\/index.php\/wp-json\/wp\/v2\/tags?post=85564"}],"curies":[{"name":"wp","href":"https:\/\/api.w.org\/{rel}","templated":true}]}}