{"id":85561,"date":"2022-07-22T17:10:31","date_gmt":"2022-07-22T20:10:31","guid":{"rendered":"https:\/\/blogdoedvaldomagalhaes.com.br\/?p=85561"},"modified":"2022-07-22T17:10:33","modified_gmt":"2022-07-22T20:10:33","slug":"tony-gel-comemora-inicio-das-obras-para-implantacao-de-nova-rede-de-abastecimento-de-agua-nas-vilas-de-manicoba-e-serrote-dos-bois","status":"publish","type":"post","link":"https:\/\/blogdoedvaldomagalhaes.com.br\/index.php\/2022\/07\/22\/tony-gel-comemora-inicio-das-obras-para-implantacao-de-nova-rede-de-abastecimento-de-agua-nas-vilas-de-manicoba-e-serrote-dos-bois\/","title":{"rendered":"Tony Gel comemora in\u00edcio das obras para implanta\u00e7\u00e3o de nova rede de abastecimento de \u00e1gua nas Vilas de Mani\u00e7oba e Serrote dos Bois"},"content":{"rendered":"<p style=\"text-align: justify;\"><span style=\"font-size: inherit;\">Atendendo a mais uma solicita\u00e7\u00e3o do Deputado Estadual Tony Gel (PSB), o Governo do Estado, por meio da Compesa iniciou nesta sexta-feira 22, as obras para implanta\u00e7\u00e3o de nova rede de abastecimento de \u00e1gua nas Vilas de Mani\u00e7oba, na Zona Rural de S\u00e3o Caetano e Serrote dos Bois, no 4\u00b0 Distrito da Zona Rural de Caruaru.<\/span><\/p>\n<p style=\"text-align: justify;\">De acordo com o parlamentar, as obras em Mani\u00e7oba come\u00e7aram nesta sexta, e no in\u00edcio da pr\u00f3xima semana devem ser iniciadas em Serrote dos Bois. Tony Gel informou que em breve, outras comunidades da zona rural tamb\u00e9m ser\u00e3o contempladas com obras de abastecimento de \u00e1gua, inclusive no 2\u00b0 e 3\u00b0 Distritos.<\/p>\n<p style=\"text-align: justify;\">\u201cAgrade\u00e7o ao Governador Paulo C\u00e2mara por nos atender mais uma vez. A popula\u00e7\u00e3o de Mani\u00e7oba e de Serrote dos Bois v\u00e3o em breve ter \u00e1gua nas torneiras das casas. Esse \u00e9 um trabalho que fa\u00e7o desde quando fui deputado federal pela primeira vez &#8220;, disse Tony Gel.<\/p>\n<p style=\"text-align: justify;\">Foto: Divulga\u00e7\u00e3o.<\/p>\n","protected":false},"excerpt":{"rendered":"<p>Atendendo a mais uma solicita\u00e7\u00e3o do Deputado Estadual Tony Gel (PSB), o Governo do Estado, por meio da Compesa iniciou&hellip;<\/p>\n","protected":false},"author":1,"featured_media":85562,"comment_status":"open","ping_status":"open","sticky":false,"template":"","format":"standard","meta":{"footnotes":""},"categories":[14122],"tags":[2,19532,3406,20,25137],"class_list":["post-85561","post","type-post","status-publish","format-standard","has-post-thumbnail","hentry","category-politica","tag-blog-do-edvaldo-magalhaes","tag-blog-mais-acessado-e-visualizado-de-caruaru-e-regiao","tag-caruaru","tag-politica","tag-tony-gel-comemora-inicio-das-obras-para-implantacao-de-nova-rede-de-abastecimento-de-agua-nas-vilas-de-manicoba-e-serrote-dos-bois"],"_links":{"self":[{"href":"https:\/\/blogdoedvaldomagalhaes.com.br\/index.php\/wp-json\/wp\/v2\/posts\/85561","targetHints":{"allow":["GET"]}}],"collection":[{"href":"https:\/\/blogdoedvaldomagalhaes.com.br\/index.php\/wp-json\/wp\/v2\/posts"}],"about":[{"href":"https:\/\/blogdoedvaldomagalhaes.com.br\/index.php\/wp-json\/wp\/v2\/types\/post"}],"author":[{"embeddable":true,"href":"https:\/\/blogdoedvaldomagalhaes.com.br\/index.php\/wp-json\/wp\/v2\/users\/1"}],"replies":[{"embeddable":true,"href":"https:\/\/blogdoedvaldomagalhaes.com.br\/index.php\/wp-json\/wp\/v2\/comments?post=85561"}],"version-history":[{"count":1,"href":"https:\/\/blogdoedvaldomagalhaes.com.br\/index.php\/wp-json\/wp\/v2\/posts\/85561\/revisions"}],"predecessor-version":[{"id":85563,"href":"https:\/\/blogdoedvaldomagalhaes.com.br\/index.php\/wp-json\/wp\/v2\/posts\/85561\/revisions\/85563"}],"wp:featuredmedia":[{"embeddable":true,"href":"https:\/\/blogdoedvaldomagalhaes.com.br\/index.php\/wp-json\/wp\/v2\/media\/85562"}],"wp:attachment":[{"href":"https:\/\/blogdoedvaldomagalhaes.com.br\/index.php\/wp-json\/wp\/v2\/media?parent=85561"}],"wp:term":[{"taxonomy":"category","embeddable":true,"href":"https:\/\/blogdoedvaldomagalhaes.com.br\/index.php\/wp-json\/wp\/v2\/categories?post=85561"},{"taxonomy":"post_tag","embeddable":true,"href":"https:\/\/blogdoedvaldomagalhaes.com.br\/index.php\/wp-json\/wp\/v2\/tags?post=85561"}],"curies":[{"name":"wp","href":"https:\/\/api.w.org\/{rel}","templated":true}]}}