{"id":85558,"date":"2022-07-22T16:42:01","date_gmt":"2022-07-22T19:42:01","guid":{"rendered":"https:\/\/blogdoedvaldomagalhaes.com.br\/?p=85558"},"modified":"2022-07-22T16:42:02","modified_gmt":"2022-07-22T19:42:02","slug":"proprietario-recebe-multas-de-motocicleta-roubada-e-veiculo-e-recuperado-pela-prf-pe","status":"publish","type":"post","link":"https:\/\/blogdoedvaldomagalhaes.com.br\/index.php\/2022\/07\/22\/proprietario-recebe-multas-de-motocicleta-roubada-e-veiculo-e-recuperado-pela-prf-pe\/","title":{"rendered":"Propriet\u00e1rio recebe multas de motocicleta roubada e ve\u00edculo \u00e9 recuperado pela PRF\/PE"},"content":{"rendered":"<p style=\"text-align: justify;\">A Pol\u00edcia Rodovi\u00e1ria Federal (PRF) recuperou, nesta quinta (21), uma motocicleta Honda\/CG durante abordagem na BR-423, em Garanhuns. O propriet\u00e1rio j\u00e1 havia comunicado a PRF do roubo e ainda informado sobre algumas multas de tr\u00e2nsito que vinha recebendo, indicando que a moto ainda estava em circula\u00e7\u00e3o.<\/p>\n<p style=\"text-align: justify;\">No momento da fiscaliza\u00e7\u00e3o, o ve\u00edculo estava sendo conduzido por um homem de 45 anos. Ele disse aos PRFs n\u00e3o possuir Carteira Nacional de Habilita\u00e7\u00e3o (CNH) e tampouco documento da moto. Al\u00e9m disso, os policiais identificaram adultera\u00e7\u00e3o nos sinais identificadores da motocicleta.<\/p>\n<p style=\"text-align: justify;\">O condutor afirmou ter trocado a motocicleta por um boi num feira em Paranatama e nada declarou sobre a proced\u00eancia do ve\u00edculo. Ele foi encaminhado para a Pol\u00edcia Civil de Garanhuns, onde ser\u00e3o investigadas as adultera\u00e7\u00f5es no ve\u00edculo e recepta\u00e7\u00e3o de produto de roubo.<\/p>\n","protected":false},"excerpt":{"rendered":"<p>A Pol\u00edcia Rodovi\u00e1ria Federal (PRF) recuperou, nesta quinta (21), uma motocicleta Honda\/CG durante abordagem na BR-423, em Garanhuns. O propriet\u00e1rio&hellip;<\/p>\n","protected":false},"author":1,"featured_media":85559,"comment_status":"open","ping_status":"open","sticky":false,"template":"","format":"standard","meta":{"footnotes":""},"categories":[14121],"tags":[2,19532,3406,25136],"class_list":["post-85558","post","type-post","status-publish","format-standard","has-post-thumbnail","hentry","category-policial","tag-blog-do-edvaldo-magalhaes","tag-blog-mais-acessado-e-visualizado-de-caruaru-e-regiao","tag-caruaru","tag-proprietario-recebe-multas-de-motocicleta-roubada-e-veiculo-e-recuperado-pela-prf-pe"],"_links":{"self":[{"href":"https:\/\/blogdoedvaldomagalhaes.com.br\/index.php\/wp-json\/wp\/v2\/posts\/85558","targetHints":{"allow":["GET"]}}],"collection":[{"href":"https:\/\/blogdoedvaldomagalhaes.com.br\/index.php\/wp-json\/wp\/v2\/posts"}],"about":[{"href":"https:\/\/blogdoedvaldomagalhaes.com.br\/index.php\/wp-json\/wp\/v2\/types\/post"}],"author":[{"embeddable":true,"href":"https:\/\/blogdoedvaldomagalhaes.com.br\/index.php\/wp-json\/wp\/v2\/users\/1"}],"replies":[{"embeddable":true,"href":"https:\/\/blogdoedvaldomagalhaes.com.br\/index.php\/wp-json\/wp\/v2\/comments?post=85558"}],"version-history":[{"count":1,"href":"https:\/\/blogdoedvaldomagalhaes.com.br\/index.php\/wp-json\/wp\/v2\/posts\/85558\/revisions"}],"predecessor-version":[{"id":85560,"href":"https:\/\/blogdoedvaldomagalhaes.com.br\/index.php\/wp-json\/wp\/v2\/posts\/85558\/revisions\/85560"}],"wp:featuredmedia":[{"embeddable":true,"href":"https:\/\/blogdoedvaldomagalhaes.com.br\/index.php\/wp-json\/wp\/v2\/media\/85559"}],"wp:attachment":[{"href":"https:\/\/blogdoedvaldomagalhaes.com.br\/index.php\/wp-json\/wp\/v2\/media?parent=85558"}],"wp:term":[{"taxonomy":"category","embeddable":true,"href":"https:\/\/blogdoedvaldomagalhaes.com.br\/index.php\/wp-json\/wp\/v2\/categories?post=85558"},{"taxonomy":"post_tag","embeddable":true,"href":"https:\/\/blogdoedvaldomagalhaes.com.br\/index.php\/wp-json\/wp\/v2\/tags?post=85558"}],"curies":[{"name":"wp","href":"https:\/\/api.w.org\/{rel}","templated":true}]}}