{"id":85555,"date":"2022-07-22T15:11:01","date_gmt":"2022-07-22T18:11:01","guid":{"rendered":"https:\/\/blogdoedvaldomagalhaes.com.br\/?p=85555"},"modified":"2022-07-22T15:11:03","modified_gmt":"2022-07-22T18:11:03","slug":"prf-recupera-veiculo-roubado-no-recife-e-que-estava-sendo-levado-para-caruaru","status":"publish","type":"post","link":"https:\/\/blogdoedvaldomagalhaes.com.br\/index.php\/2022\/07\/22\/prf-recupera-veiculo-roubado-no-recife-e-que-estava-sendo-levado-para-caruaru\/","title":{"rendered":"PRF recupera ve\u00edculo roubado no Recife e que estava sendo levado para Caruaru"},"content":{"rendered":"<div id=\"content-core\">\n<div id=\"parent-fieldname-text\" class=\"\">\n<div>\n<p style=\"text-align: justify;\">Registrar o roubo ou furto de um ve\u00edculo o mais r\u00e1pido poss\u00edvel aumenta e muito as chances de recuper\u00e1-lo. Foi isso que aconteceu no fim da tarde desta quinta (21), na BR-232, quando a Pol\u00edcia Rodovi\u00e1ria Federal (PRF) abordou um Ford\/KA que circulava em Gravat\u00e1.<\/p>\n<p style=\"text-align: justify;\">Depois tentar fugir da fiscaliza\u00e7\u00e3o, o condutor foi abordado pelos policias. Antes mesmo dele confessar que sabia da proced\u00eancia do ve\u00edculo, os PRFs levantaram a informa\u00e7\u00e3o de que j\u00e1 havia um registro de roubo do carro no dia anterior na cidade de Recife.<\/p>\n<p style=\"text-align: justify;\">Aos policias o homem informou que receberia uma quantia em dinheiro pela entrega do ve\u00edculo em Caruaru. Ele recebeu voz de pris\u00e3o e foi encaminhado para a Pol\u00edcia Civil em Vit\u00f3ria de Santo Ant\u00e3o.<\/p>\n<p style=\"text-align: justify;\"><strong>MAIS UM<\/strong>\u00a0\u2013 Tamb\u00e9m na BR-232, outro ve\u00edculo foi recuperado pela PRF ap\u00f3s constatarem um registro de roubo\/furto nos sistemas policiais. Dessa vez, a abordagem foi a um ve\u00edculo Jeep que circulava no munic\u00edpio de S\u00e3o Caitano.<\/p>\n<p style=\"text-align: justify;\">Em vistoria minuciosa, os PRFs encontraram altera\u00e7\u00e3o em alguns dos elementos identificadores do ve\u00edculo. A fraude ficou constatada quando os policiais descobriram o registro de roubo feito no \u00faltimo m\u00eas de junho em Jaboat\u00e3o dos Guararapes. A ocorr\u00eancia foi encaminhada para a Pol\u00edcia Civil de Belo Jardim.<\/p>\n<\/div>\n<\/div>\n<\/div>\n","protected":false},"excerpt":{"rendered":"<p>Registrar o roubo ou furto de um ve\u00edculo o mais r\u00e1pido poss\u00edvel aumenta e muito as chances de recuper\u00e1-lo. Foi&hellip;<\/p>\n","protected":false},"author":1,"featured_media":85556,"comment_status":"open","ping_status":"open","sticky":false,"template":"","format":"standard","meta":{"footnotes":""},"categories":[14121],"tags":[2,19532,3406,25135],"class_list":["post-85555","post","type-post","status-publish","format-standard","has-post-thumbnail","hentry","category-policial","tag-blog-do-edvaldo-magalhaes","tag-blog-mais-acessado-e-visualizado-de-caruaru-e-regiao","tag-caruaru","tag-prf-recupera-veiculo-roubado-no-recife-e-que-estava-sendo-levado-para-caruaru"],"_links":{"self":[{"href":"https:\/\/blogdoedvaldomagalhaes.com.br\/index.php\/wp-json\/wp\/v2\/posts\/85555","targetHints":{"allow":["GET"]}}],"collection":[{"href":"https:\/\/blogdoedvaldomagalhaes.com.br\/index.php\/wp-json\/wp\/v2\/posts"}],"about":[{"href":"https:\/\/blogdoedvaldomagalhaes.com.br\/index.php\/wp-json\/wp\/v2\/types\/post"}],"author":[{"embeddable":true,"href":"https:\/\/blogdoedvaldomagalhaes.com.br\/index.php\/wp-json\/wp\/v2\/users\/1"}],"replies":[{"embeddable":true,"href":"https:\/\/blogdoedvaldomagalhaes.com.br\/index.php\/wp-json\/wp\/v2\/comments?post=85555"}],"version-history":[{"count":1,"href":"https:\/\/blogdoedvaldomagalhaes.com.br\/index.php\/wp-json\/wp\/v2\/posts\/85555\/revisions"}],"predecessor-version":[{"id":85557,"href":"https:\/\/blogdoedvaldomagalhaes.com.br\/index.php\/wp-json\/wp\/v2\/posts\/85555\/revisions\/85557"}],"wp:featuredmedia":[{"embeddable":true,"href":"https:\/\/blogdoedvaldomagalhaes.com.br\/index.php\/wp-json\/wp\/v2\/media\/85556"}],"wp:attachment":[{"href":"https:\/\/blogdoedvaldomagalhaes.com.br\/index.php\/wp-json\/wp\/v2\/media?parent=85555"}],"wp:term":[{"taxonomy":"category","embeddable":true,"href":"https:\/\/blogdoedvaldomagalhaes.com.br\/index.php\/wp-json\/wp\/v2\/categories?post=85555"},{"taxonomy":"post_tag","embeddable":true,"href":"https:\/\/blogdoedvaldomagalhaes.com.br\/index.php\/wp-json\/wp\/v2\/tags?post=85555"}],"curies":[{"name":"wp","href":"https:\/\/api.w.org\/{rel}","templated":true}]}}