{"id":85552,"date":"2022-07-22T11:39:17","date_gmt":"2022-07-22T14:39:17","guid":{"rendered":"https:\/\/blogdoedvaldomagalhaes.com.br\/?p=85552"},"modified":"2022-07-22T11:39:18","modified_gmt":"2022-07-22T14:39:18","slug":"precos-na-central-de-abastecimento-de-caruaru-apresentam-alteracao-confira","status":"publish","type":"post","link":"https:\/\/blogdoedvaldomagalhaes.com.br\/index.php\/2022\/07\/22\/precos-na-central-de-abastecimento-de-caruaru-apresentam-alteracao-confira\/","title":{"rendered":"Pre\u00e7os na Central de Abastecimento de Caruaru apresentam altera\u00e7\u00e3o; Confira"},"content":{"rendered":"<p style=\"text-align: justify;\"><span style=\"font-size: inherit;\">A Central de Abastecimento de Caruaru (Ceaca) realizou a cota\u00e7\u00e3o de pre\u00e7os da semana dos produtos comercializados no local. Foram analisados 69 itens, entre frutas, verduras, legumes e temperos.<\/span><\/p>\n<p style=\"text-align: justify;\">Entre eles, 35 continuaram com os mesmos valores da semana passada; 13 apresentaram redu\u00e7\u00f5es de pre\u00e7os e 21 sofreram aumento.<\/p>\n<p style=\"text-align: justify;\">Dos alimentos que tiveram redu\u00e7\u00e3o de pre\u00e7o, a cebolinha (-70%), a vagem macarr\u00e3o (-30%) e o pepino (-25%), foram os que obtiveram as baixas mais expressivas. J\u00e1 entre os que apresentaram alta, o chuchu obteve uma super alta de 150%, seguido da batata doce branca (+58%) e do maxixe (+43%).<\/p>\n<p style=\"text-align: justify;\">Foto da Ceaca: Felipe Correia.<\/p>\n","protected":false},"excerpt":{"rendered":"<p>A Central de Abastecimento de Caruaru (Ceaca) realizou a cota\u00e7\u00e3o de pre\u00e7os da semana dos produtos comercializados no local. Foram&hellip;<\/p>\n","protected":false},"author":1,"featured_media":85553,"comment_status":"open","ping_status":"open","sticky":false,"template":"","format":"standard","meta":{"footnotes":""},"categories":[14120],"tags":[2,19532,3406,5958,25134],"class_list":["post-85552","post","type-post","status-publish","format-standard","has-post-thumbnail","hentry","category-noticias","tag-blog-do-edvaldo-magalhaes","tag-blog-mais-acessado-e-visualizado-de-caruaru-e-regiao","tag-caruaru","tag-ceaca","tag-precos-na-central-de-abastecimento-de-caruaru-apresentam-alteracao-confira"],"_links":{"self":[{"href":"https:\/\/blogdoedvaldomagalhaes.com.br\/index.php\/wp-json\/wp\/v2\/posts\/85552","targetHints":{"allow":["GET"]}}],"collection":[{"href":"https:\/\/blogdoedvaldomagalhaes.com.br\/index.php\/wp-json\/wp\/v2\/posts"}],"about":[{"href":"https:\/\/blogdoedvaldomagalhaes.com.br\/index.php\/wp-json\/wp\/v2\/types\/post"}],"author":[{"embeddable":true,"href":"https:\/\/blogdoedvaldomagalhaes.com.br\/index.php\/wp-json\/wp\/v2\/users\/1"}],"replies":[{"embeddable":true,"href":"https:\/\/blogdoedvaldomagalhaes.com.br\/index.php\/wp-json\/wp\/v2\/comments?post=85552"}],"version-history":[{"count":1,"href":"https:\/\/blogdoedvaldomagalhaes.com.br\/index.php\/wp-json\/wp\/v2\/posts\/85552\/revisions"}],"predecessor-version":[{"id":85554,"href":"https:\/\/blogdoedvaldomagalhaes.com.br\/index.php\/wp-json\/wp\/v2\/posts\/85552\/revisions\/85554"}],"wp:featuredmedia":[{"embeddable":true,"href":"https:\/\/blogdoedvaldomagalhaes.com.br\/index.php\/wp-json\/wp\/v2\/media\/85553"}],"wp:attachment":[{"href":"https:\/\/blogdoedvaldomagalhaes.com.br\/index.php\/wp-json\/wp\/v2\/media?parent=85552"}],"wp:term":[{"taxonomy":"category","embeddable":true,"href":"https:\/\/blogdoedvaldomagalhaes.com.br\/index.php\/wp-json\/wp\/v2\/categories?post=85552"},{"taxonomy":"post_tag","embeddable":true,"href":"https:\/\/blogdoedvaldomagalhaes.com.br\/index.php\/wp-json\/wp\/v2\/tags?post=85552"}],"curies":[{"name":"wp","href":"https:\/\/api.w.org\/{rel}","templated":true}]}}