{"id":85543,"date":"2022-07-22T08:55:07","date_gmt":"2022-07-22T11:55:07","guid":{"rendered":"https:\/\/blogdoedvaldomagalhaes.com.br\/?p=85543"},"modified":"2022-07-22T09:00:12","modified_gmt":"2022-07-22T12:00:12","slug":"grupo-ceam-realizara-atividades-de-recreacao-para-criancas-de-caruaru","status":"publish","type":"post","link":"https:\/\/blogdoedvaldomagalhaes.com.br\/index.php\/2022\/07\/22\/grupo-ceam-realizara-atividades-de-recreacao-para-criancas-de-caruaru\/","title":{"rendered":"Grupo CEAM realizar\u00e1 atividades de recrea\u00e7\u00e3o para crian\u00e7as de Caruaru"},"content":{"rendered":"<p style=\"text-align: justify;\"><span style=\"font-size: inherit;\">O Centro Especializado em Apoio Multidisciplinar (CEAM), realizar\u00e1 dos dias 25 a 29 de julho, atividades de recrea\u00e7\u00e3o na Cl\u00ednica CEAM unidade Caruaru. As oficinas s\u00e3o gratuitas, acontecer\u00e3o na parte da manh\u00e3 e s\u00e3o voltadas para crian\u00e7as em geral.<\/span><\/p>\n<p style=\"text-align: justify;\">As atividades come\u00e7am na segunda e seguem at\u00e9 a sexta-feira, com conta\u00e7\u00e3o de hist\u00f3ria, oficinas de palitoches, atividades motoras, brincadeiras como corrida de saco, cabo de guerra, tiro ao alvo, pescaria e boliche, al\u00e9m de culin\u00e1ria, oficina de massinha e pintura, ca\u00e7a ao tesouro, montagem de legos, baladinha fantasia, quebra panela e para finalizar a semana com chave de ouro, \u00e0s crian\u00e7as participar\u00e3o de um passeio de trenzinho pelas ruas de Caruaru.<\/p>\n<p style=\"text-align: justify;\">\u201cEsse \u00e9 um momento muito importante para as crian\u00e7as, al\u00e9m de ser a \u00faltima semana de f\u00e9rias, elas ir\u00e3o interagir com outros colegas, trocar experi\u00eancias e se divertir\u201d, afirmou o psic\u00f3logo do CEAM, \u00cdtalo Gomes.<\/p>\n<p style=\"text-align: justify;\">Para realizar a inscri\u00e7\u00e3o os pais ou os respons\u00e1veis devem preencher o formul\u00e1rio. As vagas s\u00e3o limitadas.<\/p>\n<p style=\"text-align: justify;\">https:\/\/forms.gle\/ivbMef5RLEtmWiJTA<\/p>\n<p style=\"text-align: justify;\"><strong>Unidade<\/strong>:<\/p>\n<p style=\"text-align: justify;\">Caruaru &#8211; Av. Agamenon Magalh\u00e3es, 483 &#8211; 3\u00ba andar &#8211; Maur\u00edcio de Nassau &#8211; Caruaru &#8211; PE. 81 2161-0174 l 97340-4253 (WhatsApp)<\/p>\n\n\n<figure class=\"wp-block-image size-large\"><img loading=\"lazy\" decoding=\"async\" width=\"576\" height=\"1024\" src=\"https:\/\/blogdoedvaldomagalhaes.com.br\/wp-content\/uploads\/2022\/07\/IMG-20220722-WA0051-576x1024.jpg\" alt=\"\" class=\"wp-image-85547\" srcset=\"https:\/\/blogdoedvaldomagalhaes.com.br\/wp-content\/uploads\/2022\/07\/IMG-20220722-WA0051-576x1024.jpg 576w, https:\/\/blogdoedvaldomagalhaes.com.br\/wp-content\/uploads\/2022\/07\/IMG-20220722-WA0051-169x300.jpg 169w, https:\/\/blogdoedvaldomagalhaes.com.br\/wp-content\/uploads\/2022\/07\/IMG-20220722-WA0051.jpg 720w\" sizes=\"auto, (max-width: 576px) 100vw, 576px\" \/><\/figure>\n","protected":false},"excerpt":{"rendered":"<p>O Centro Especializado em Apoio Multidisciplinar (CEAM), realizar\u00e1 dos dias 25 a 29 de julho, atividades de recrea\u00e7\u00e3o na Cl\u00ednica&hellip;<\/p>\n","protected":false},"author":1,"featured_media":85544,"comment_status":"open","ping_status":"open","sticky":false,"template":"","format":"standard","meta":{"footnotes":""},"categories":[14120],"tags":[2,19532,3406,25133],"class_list":["post-85543","post","type-post","status-publish","format-standard","has-post-thumbnail","hentry","category-noticias","tag-blog-do-edvaldo-magalhaes","tag-blog-mais-acessado-e-visualizado-de-caruaru-e-regiao","tag-caruaru","tag-grupo-ceam-realizara-atividades-de-recreacao-para-criancas-de-caruaru"],"_links":{"self":[{"href":"https:\/\/blogdoedvaldomagalhaes.com.br\/index.php\/wp-json\/wp\/v2\/posts\/85543","targetHints":{"allow":["GET"]}}],"collection":[{"href":"https:\/\/blogdoedvaldomagalhaes.com.br\/index.php\/wp-json\/wp\/v2\/posts"}],"about":[{"href":"https:\/\/blogdoedvaldomagalhaes.com.br\/index.php\/wp-json\/wp\/v2\/types\/post"}],"author":[{"embeddable":true,"href":"https:\/\/blogdoedvaldomagalhaes.com.br\/index.php\/wp-json\/wp\/v2\/users\/1"}],"replies":[{"embeddable":true,"href":"https:\/\/blogdoedvaldomagalhaes.com.br\/index.php\/wp-json\/wp\/v2\/comments?post=85543"}],"version-history":[{"count":3,"href":"https:\/\/blogdoedvaldomagalhaes.com.br\/index.php\/wp-json\/wp\/v2\/posts\/85543\/revisions"}],"predecessor-version":[{"id":85549,"href":"https:\/\/blogdoedvaldomagalhaes.com.br\/index.php\/wp-json\/wp\/v2\/posts\/85543\/revisions\/85549"}],"wp:featuredmedia":[{"embeddable":true,"href":"https:\/\/blogdoedvaldomagalhaes.com.br\/index.php\/wp-json\/wp\/v2\/media\/85544"}],"wp:attachment":[{"href":"https:\/\/blogdoedvaldomagalhaes.com.br\/index.php\/wp-json\/wp\/v2\/media?parent=85543"}],"wp:term":[{"taxonomy":"category","embeddable":true,"href":"https:\/\/blogdoedvaldomagalhaes.com.br\/index.php\/wp-json\/wp\/v2\/categories?post=85543"},{"taxonomy":"post_tag","embeddable":true,"href":"https:\/\/blogdoedvaldomagalhaes.com.br\/index.php\/wp-json\/wp\/v2\/tags?post=85543"}],"curies":[{"name":"wp","href":"https:\/\/api.w.org\/{rel}","templated":true}]}}