{"id":8550,"date":"2016-08-21T14:24:00","date_gmt":"2016-08-21T17:24:00","guid":{"rendered":"http:\/\/blogdoedvaldomagalhaes.com.br\/index.php\/2016\/08\/21\/morre-em-caruaru-advogado-jose-martins\/"},"modified":"2019-02-09T00:55:55","modified_gmt":"2019-02-09T02:55:55","slug":"morre-em-caruaru-advogado-jose-martins","status":"publish","type":"post","link":"https:\/\/blogdoedvaldomagalhaes.com.br\/index.php\/2016\/08\/21\/morre-em-caruaru-advogado-jose-martins\/","title":{"rendered":"Morre em Caruaru ex-advogado do Central Jos\u00e9 Martins"},"content":{"rendered":"<div id=\"resize\" style=\"margin-top: 40px; text-align: justify;\">\n<div id=\"resize\" style=\"margin-top: 40px; text-align: justify;\">\n<div style=\"text-align: justify;\">\n<div>\n<div class=\"separator\" style=\"clear: both; font-size: 15px; text-align: center;\">\n<a href=\"https:\/\/3.bp.blogspot.com\/-trNW94nKUQw\/V7oZ-aD57DI\/AAAAAAAAE2w\/mh78Abbwg1QiuF1s_ou_ua1qUNh12preQCLcB\/s1600\/martins.jpg\" imageanchor=\"1\" style=\"margin-left: 1em; margin-right: 1em;\"><img loading=\"lazy\" decoding=\"async\" border=\"0\" height=\"265\" src=\"http:\/\/blogdoedvaldomagalhaes.com.br\/wp-content\/uploads\/2016\/08\/martins.jpg\" width=\"400\" \/><\/a><\/div>\n<div style=\"font-size: 15px; text-align: center;\">\nFoto: Dr. Martins, Jo\u00e3o Tavares, Wlater Jones e Paulo Rocha<\/div>\n<div style=\"text-align: justify;\">\n<\/div>\n<p>Morreu neste s\u00e1bado (20), em Caruaru, o advogado Jos\u00e9 Martins, aos<br \/>\n70 anos de idade. Ele prestou servi\u00e7o durante muitos anos ao Central.<br \/>\nAtuou em v\u00e1rias administra\u00e7\u00f5es.<\/p><\/div>\n<div>\n<\/div>\n<div>\nO corpo foi velado na manh\u00e3 deste domingo, no Dom Bosco, e ser\u00e1<br \/>\nvelado durante esta tarde na fazenda da fam\u00edlia em Pau Santo, zona rural<br \/>\n do munic\u00edpio. O sepultamento ocorrer\u00e1 no final do dia, no cemit\u00e9rio da<br \/>\nlocalidade.<br \/>\nO empres\u00e1rio Jo\u00e3o Tavares, ex-presidente do Central, lembra o grande profissional que Caruaru perde, lamenta a morte do advogado e amigo, Dr. Martins. Jo\u00e3o Tavares levou para o vel\u00f3rio uma bandeira do Central e uma coroa de flores. <\/p>\n<div class=\"separator\" style=\"clear: both; font-size: 15px; text-align: center;\">\n<a href=\"http:\/\/blogdoedvaldomagalhaes.com.br\/wp-content\/uploads\/2016\/08\/OAB.jpg\" imageanchor=\"1\" style=\"margin-left: 1em; margin-right: 1em;\"><img decoding=\"async\" border=\"0\" src=\"http:\/\/blogdoedvaldomagalhaes.com.br\/wp-content\/uploads\/2016\/08\/OAB.jpg\" \/><\/a><\/div>\n<\/div>\n<div>\n<div>\n<div style=\"font-size: 15px;\">\n<b>NOTA<\/b><\/div>\n<div style=\"font-size: 15px;\">\n<\/div>\n<div>\nA OAB Caruaru, atrav\u00e9s de sua diretoria e do seu Conselho, lamenta<br \/>\nprofundamente o falecimento do advogado trabalhista, Dr. Jos\u00e9 Martins.<br \/>\n&#8220;A advocacia caruaruense perde n\u00e3o s\u00f3 uma grande refer\u00eancia para a nossa<br \/>\n classe, mas tamb\u00e9m um ser humano de grandes qualidades. Nossa<br \/>\nsolidariedade a toda sua fam\u00edlia, na certeza que Dr. Martins cumpriu<br \/>\nhonrosamente sua miss\u00e3o aqui entre n\u00f3s&#8221;, afirmou o presidente da OAB,<br \/>\nDr. Felipe Sampaio.<\/div>\n<\/div>\n<p>\nFonte: R\u00e1dio Liberdade <\/div>\n<\/div>\n<\/div>\n<\/div>\n","protected":false},"excerpt":{"rendered":"<p>Foto: Dr. Martins, Jo\u00e3o Tavares, Wlater Jones e Paulo Rocha Morreu neste s\u00e1bado (20), em Caruaru, o advogado Jos\u00e9 Martins,&hellip;<\/p>\n","protected":false},"author":1,"featured_media":0,"comment_status":"open","ping_status":"open","sticky":false,"template":"","format":"standard","meta":{"footnotes":""},"categories":[1],"tags":[2,2952,12698,12699,6,1517,12700,6300],"class_list":["post-8550","post","type-post","status-publish","format-standard","hentry","category-sem-categoria","tag-blog-do-edvaldo-magalhaes","tag-central-de-caruaru","tag-joao-tavares","tag-morre-em-caruaru-advogado-jose-martins","tag-noticias","tag-oab","tag-paulo-rocha","tag-walter-jones"],"_links":{"self":[{"href":"https:\/\/blogdoedvaldomagalhaes.com.br\/index.php\/wp-json\/wp\/v2\/posts\/8550","targetHints":{"allow":["GET"]}}],"collection":[{"href":"https:\/\/blogdoedvaldomagalhaes.com.br\/index.php\/wp-json\/wp\/v2\/posts"}],"about":[{"href":"https:\/\/blogdoedvaldomagalhaes.com.br\/index.php\/wp-json\/wp\/v2\/types\/post"}],"author":[{"embeddable":true,"href":"https:\/\/blogdoedvaldomagalhaes.com.br\/index.php\/wp-json\/wp\/v2\/users\/1"}],"replies":[{"embeddable":true,"href":"https:\/\/blogdoedvaldomagalhaes.com.br\/index.php\/wp-json\/wp\/v2\/comments?post=8550"}],"version-history":[{"count":1,"href":"https:\/\/blogdoedvaldomagalhaes.com.br\/index.php\/wp-json\/wp\/v2\/posts\/8550\/revisions"}],"predecessor-version":[{"id":11608,"href":"https:\/\/blogdoedvaldomagalhaes.com.br\/index.php\/wp-json\/wp\/v2\/posts\/8550\/revisions\/11608"}],"wp:attachment":[{"href":"https:\/\/blogdoedvaldomagalhaes.com.br\/index.php\/wp-json\/wp\/v2\/media?parent=8550"}],"wp:term":[{"taxonomy":"category","embeddable":true,"href":"https:\/\/blogdoedvaldomagalhaes.com.br\/index.php\/wp-json\/wp\/v2\/categories?post=8550"},{"taxonomy":"post_tag","embeddable":true,"href":"https:\/\/blogdoedvaldomagalhaes.com.br\/index.php\/wp-json\/wp\/v2\/tags?post=8550"}],"curies":[{"name":"wp","href":"https:\/\/api.w.org\/{rel}","templated":true}]}}