{"id":855,"date":"2018-10-29T20:52:00","date_gmt":"2018-10-29T22:52:00","guid":{"rendered":"http:\/\/blogdoedvaldomagalhaes.com.br\/index.php\/2018\/10\/29\/palestra-sobre-outubro-rosa-e-saude-da\/"},"modified":"2019-02-09T02:37:31","modified_gmt":"2019-02-09T04:37:31","slug":"palestra-sobre-outubro-rosa-e-saude-da","status":"publish","type":"post","link":"https:\/\/blogdoedvaldomagalhaes.com.br\/index.php\/2018\/10\/29\/palestra-sobre-outubro-rosa-e-saude-da\/","title":{"rendered":"Palestra sobre Outubro Rosa e Sa\u00fade da Mulher no Sindicato dos Trabalhadores Rurais de Caruaru nesta ter\u00e7a (30)"},"content":{"rendered":"<div class=\"separator\" style=\"clear: both; text-align: center;\">\n<a href=\"https:\/\/4.bp.blogspot.com\/-x_rAJkyc2qE\/W9dyriVWChI\/AAAAAAAA8pE\/wtFikbZjE18UAlr6K8gF2OOpdkyGCpc_ACLcBGAs\/s1600\/rosa.jpg\" imageanchor=\"1\" style=\"margin-left: 1em; margin-right: 1em;\"><img loading=\"lazy\" decoding=\"async\" border=\"0\" data-original-height=\"485\" data-original-width=\"800\" height=\"388\" src=\"http:\/\/blogdoedvaldomagalhaes.com.br\/wp-content\/uploads\/2018\/10\/rosa.jpg\" width=\"640\" \/><\/a><\/div>\n<div style=\"text-align: justify;\">\n<\/div>\n<div style=\"text-align: justify;\">\nPalestra sobre o Outubro Rosa e Sa\u00fade da Mulher, acontece nesta ter\u00e7a-feira (30), na Casa do Trabalhador, na avenida Joaquim Nabuco, no bairro Divin\u00f3polis. A preven\u00e7\u00e3o do c\u00e2ncer de mama \u00e9 uma das a\u00e7\u00f5es mais importantes,&nbsp; com o objetivo de preven\u00e7\u00e3o de doen\u00e7as palestra-outubro rosa e sa\u00fade da mulher.&nbsp;<\/div>\n<div style=\"text-align: justify;\">\n<\/div>\n<div style=\"text-align: justify;\">\nO Sindicato dos Trabalhadores Rurais de Caruaru, convida todas as mulheres trabalhadoras e urbanas para participar&nbsp; deste Dia de A\u00e7\u00e3o, com palestra e auto-exame de mama para todas as mulheres em parceria com a Secretaria da Mulher de Caruaru, come\u00e7ando \u00e0s 8h encerrando \u00e0s 12h.<\/div>\n<div style=\"text-align: justify;\">\n<\/div>\n","protected":false},"excerpt":{"rendered":"<p>Palestra sobre o Outubro Rosa e Sa\u00fade da Mulher, acontece nesta ter\u00e7a-feira (30), na Casa do Trabalhador, na avenida Joaquim&hellip;<\/p>\n","protected":false},"author":1,"featured_media":0,"comment_status":"open","ping_status":"open","sticky":false,"template":"","format":"standard","meta":{"footnotes":""},"categories":[1],"tags":[2,6,798],"class_list":["post-855","post","type-post","status-publish","format-standard","hentry","category-sem-categoria","tag-blog-do-edvaldo-magalhaes","tag-noticias","tag-palestra-sobre-outubro-rosa-e-saude-da-mulher-no-sindicato-dos-trabalhadores-rurais-de-caruaru-nesta-terca-30"],"_links":{"self":[{"href":"https:\/\/blogdoedvaldomagalhaes.com.br\/index.php\/wp-json\/wp\/v2\/posts\/855","targetHints":{"allow":["GET"]}}],"collection":[{"href":"https:\/\/blogdoedvaldomagalhaes.com.br\/index.php\/wp-json\/wp\/v2\/posts"}],"about":[{"href":"https:\/\/blogdoedvaldomagalhaes.com.br\/index.php\/wp-json\/wp\/v2\/types\/post"}],"author":[{"embeddable":true,"href":"https:\/\/blogdoedvaldomagalhaes.com.br\/index.php\/wp-json\/wp\/v2\/users\/1"}],"replies":[{"embeddable":true,"href":"https:\/\/blogdoedvaldomagalhaes.com.br\/index.php\/wp-json\/wp\/v2\/comments?post=855"}],"version-history":[{"count":1,"href":"https:\/\/blogdoedvaldomagalhaes.com.br\/index.php\/wp-json\/wp\/v2\/posts\/855\/revisions"}],"predecessor-version":[{"id":35388,"href":"https:\/\/blogdoedvaldomagalhaes.com.br\/index.php\/wp-json\/wp\/v2\/posts\/855\/revisions\/35388"}],"wp:attachment":[{"href":"https:\/\/blogdoedvaldomagalhaes.com.br\/index.php\/wp-json\/wp\/v2\/media?parent=855"}],"wp:term":[{"taxonomy":"category","embeddable":true,"href":"https:\/\/blogdoedvaldomagalhaes.com.br\/index.php\/wp-json\/wp\/v2\/categories?post=855"},{"taxonomy":"post_tag","embeddable":true,"href":"https:\/\/blogdoedvaldomagalhaes.com.br\/index.php\/wp-json\/wp\/v2\/tags?post=855"}],"curies":[{"name":"wp","href":"https:\/\/api.w.org\/{rel}","templated":true}]}}