{"id":8548,"date":"2016-08-22T00:36:00","date_gmt":"2016-08-22T03:36:00","guid":{"rendered":"http:\/\/blogdoedvaldomagalhaes.com.br\/index.php\/2016\/08\/22\/moradores-do-alto-do-moura-faze\/"},"modified":"2019-02-09T00:55:55","modified_gmt":"2019-02-09T02:55:55","slug":"moradores-do-alto-do-moura-faze","status":"publish","type":"post","link":"https:\/\/blogdoedvaldomagalhaes.com.br\/index.php\/2016\/08\/22\/moradores-do-alto-do-moura-faze\/","title":{"rendered":"Moradores do Alto do Moura fazem protesto"},"content":{"rendered":"<div style=\"background: rgb(255, 255, 255); border: 0px; color: #3b3b3b; font-family: &quot;Open Sans&quot;, sans-serif; font-size: 13px; line-height: 19.5px; margin-bottom: 15px; outline: 0px; padding: 0px; text-align: justify; vertical-align: top;\">\n<\/div>\n<div class=\"separator\" style=\"clear: both; text-align: center;\">\n<a href=\"https:\/\/3.bp.blogspot.com\/-ORE6hFI9riY\/V7pH7XJKOjI\/AAAAAAAAE3o\/wvlnhkBR_LcO25aksURsKtyelDBGhrLuQCLcB\/s1600\/aLTO%2BDO%2BMOURA.jpg\" imageanchor=\"1\" style=\"margin-left: 1em; margin-right: 1em;\"><img loading=\"lazy\" decoding=\"async\" border=\"0\" height=\"240\" src=\"http:\/\/blogdoedvaldomagalhaes.com.br\/wp-content\/uploads\/2016\/08\/aLTODOMOURA.jpg\" width=\"400\" \/><\/a><\/div>\n<div class=\"separator\" style=\"clear: both; text-align: center;\">\n<\/div>\n<div style=\"background: rgb(255, 255, 255); border: 0px; color: #3b3b3b; font-family: &quot;Open Sans&quot;, sans-serif; font-size: 13px; line-height: 19.5px; margin-bottom: 15px; outline: 0px; padding: 0px; text-align: justify; vertical-align: top;\">\nMoradores do Alto do Moura, Lagoa de Pedra e Taquara (Senhora das Gra\u00e7as), em Caruaru, &nbsp;fizeram um protesto na manh\u00e3 deste domingo (21), pedindo mais seguran\u00e7a nas comunidades citadas. Segundo informa\u00e7\u00f5es dos manifestantes&nbsp;diariamente tem assaltos na \u00e1rea, principalmente em paradas de \u00f4nibus, al\u00e9m de serem registrados constantemente roubos de moto e at\u00e9 carro. Eles pedem provid\u00eancias as autoridades.<\/p>\n<p><\/p>\n<div class=\"separator\" style=\"clear: both; text-align: center;\">\n<a href=\"https:\/\/1.bp.blogspot.com\/-qE9EveD1_ok\/V7pZFbNiRGI\/AAAAAAAAE5M\/7UOm3kQqcgkkzAEXxdKbLlPalJKOBg_ngCLcB\/s1600\/alto%2Bdo%2Bmoura%2B1.jpg\" imageanchor=\"1\" style=\"margin-left: 1em; margin-right: 1em;\"><img loading=\"lazy\" decoding=\"async\" border=\"0\" height=\"300\" src=\"http:\/\/blogdoedvaldomagalhaes.com.br\/wp-content\/uploads\/2016\/08\/altodomoura1.jpg\" width=\"400\" \/><\/a><\/div>\n<\/div>\n","protected":false},"excerpt":{"rendered":"<p>Moradores do Alto do Moura, Lagoa de Pedra e Taquara (Senhora das Gra\u00e7as), em Caruaru, &nbsp;fizeram um protesto na manh\u00e3&hellip;<\/p>\n","protected":false},"author":1,"featured_media":0,"comment_status":"open","ping_status":"open","sticky":false,"template":"","format":"standard","meta":{"footnotes":""},"categories":[1],"tags":[3293,2,3232,1950,13,9663],"class_list":["post-8548","post","type-post","status-publish","format-standard","hentry","category-sem-categoria","tag-alto-do-moura","tag-blog-do-edvaldo-magalhaes","tag-lagoa-de-pedra","tag-noticias-de-caruaru","tag-policial","tag-taquara"],"_links":{"self":[{"href":"https:\/\/blogdoedvaldomagalhaes.com.br\/index.php\/wp-json\/wp\/v2\/posts\/8548","targetHints":{"allow":["GET"]}}],"collection":[{"href":"https:\/\/blogdoedvaldomagalhaes.com.br\/index.php\/wp-json\/wp\/v2\/posts"}],"about":[{"href":"https:\/\/blogdoedvaldomagalhaes.com.br\/index.php\/wp-json\/wp\/v2\/types\/post"}],"author":[{"embeddable":true,"href":"https:\/\/blogdoedvaldomagalhaes.com.br\/index.php\/wp-json\/wp\/v2\/users\/1"}],"replies":[{"embeddable":true,"href":"https:\/\/blogdoedvaldomagalhaes.com.br\/index.php\/wp-json\/wp\/v2\/comments?post=8548"}],"version-history":[{"count":1,"href":"https:\/\/blogdoedvaldomagalhaes.com.br\/index.php\/wp-json\/wp\/v2\/posts\/8548\/revisions"}],"predecessor-version":[{"id":11613,"href":"https:\/\/blogdoedvaldomagalhaes.com.br\/index.php\/wp-json\/wp\/v2\/posts\/8548\/revisions\/11613"}],"wp:attachment":[{"href":"https:\/\/blogdoedvaldomagalhaes.com.br\/index.php\/wp-json\/wp\/v2\/media?parent=8548"}],"wp:term":[{"taxonomy":"category","embeddable":true,"href":"https:\/\/blogdoedvaldomagalhaes.com.br\/index.php\/wp-json\/wp\/v2\/categories?post=8548"},{"taxonomy":"post_tag","embeddable":true,"href":"https:\/\/blogdoedvaldomagalhaes.com.br\/index.php\/wp-json\/wp\/v2\/tags?post=8548"}],"curies":[{"name":"wp","href":"https:\/\/api.w.org\/{rel}","templated":true}]}}