{"id":8547,"date":"2016-08-22T01:24:00","date_gmt":"2016-08-22T04:24:00","guid":{"rendered":"http:\/\/blogdoedvaldomagalhaes.com.br\/index.php\/2016\/08\/22\/pernambuco-presente-na-cerimonia-de\/"},"modified":"2019-02-09T00:55:58","modified_gmt":"2019-02-09T02:55:58","slug":"pernambuco-presente-na-cerimonia-de","status":"publish","type":"post","link":"https:\/\/blogdoedvaldomagalhaes.com.br\/index.php\/2016\/08\/22\/pernambuco-presente-na-cerimonia-de\/","title":{"rendered":"Caruaruenses se manifestam sobre presen\u00e7a de Pernambuco na cerim\u00f4nia de encerramento dos jogos Ol\u00edmpicos"},"content":{"rendered":"<div class=\"separator\" style=\"clear: both; text-align: center;\">\n<a href=\"https:\/\/3.bp.blogspot.com\/-kUTOWRo-leE\/V7pSYQ6p3DI\/AAAAAAAAE4w\/OJw2SIWV3Vgpwvqt0oIG-TuopmMXRvh2ACLcB\/s1600\/pernambuco%2B5.jpg\" imageanchor=\"1\" style=\"margin-left: 1em; margin-right: 1em;\"><img loading=\"lazy\" decoding=\"async\" border=\"0\" height=\"230\" src=\"http:\/\/blogdoedvaldomagalhaes.com.br\/wp-content\/uploads\/2016\/08\/pernambuco5.jpg\" width=\"400\" \/><\/a><\/div>\n<div class=\"separator\" style=\"clear: both; text-align: center;\">\n<\/div>\n<div class=\"MsoNormal\" style=\"text-align: justify;\">\nV\u00e1rias pessoas se<br \/>\nmanifestaram nas redes sociais ao ver pela televis\u00e3o as participa\u00e7\u00f5es de<br \/>\npernambucanos na cerim\u00f4nia de encerramento dos Jogos Ol\u00edmpicos Rio 2016.O Blog<br \/>\nresolveu colar imagens mensagens e imagens dos perfis de caruaruenses.&nbsp;<\/div>\n<div class=\"separator\" style=\"clear: both; text-align: left;\">\n<\/div>\n<div class=\"separator\" style=\"clear: both; text-align: center;\">\n<a href=\"https:\/\/3.bp.blogspot.com\/-ZYJgmGht6Q8\/V7pOX7bCPLI\/AAAAAAAAE4I\/GK_B09lX3QMamr9zuA6Ej255eRushR9zgCLcB\/s1600\/pernambuco.jpg\" imageanchor=\"1\" style=\"margin-left: 1em; margin-right: 1em;\"><img loading=\"lazy\" decoding=\"async\" border=\"0\" height=\"225\" src=\"http:\/\/blogdoedvaldomagalhaes.com.br\/wp-content\/uploads\/2016\/08\/pernambuco.jpg\" width=\"400\" \/><\/a><\/div>\n<div class=\"separator\" style=\"clear: both; text-align: justify;\">\n<\/div>\n<div class=\"separator\" style=\"clear: both; text-align: justify;\">\nMilton Filho postou: &#8220;O Frevo, a Renda e o Barro!!! Esse \u00e9 o nosso&nbsp;<a class=\"_58cn\" data-ft=\"{&quot;tn&quot;:&quot;*N&quot;,&quot;type&quot;:104}\" href=\"https:\/\/www.facebook.com\/hashtag\/nordeste?source=feed_text&amp;story_id=935740083220360\" style=\"background-color: white; color: #365899; cursor: pointer; line-height: 19.32px; text-align: start; text-decoration: none;\">\u202a#\u200eNordeste\u202c<\/a>&nbsp;sendo valorizado no encerramento das olimp\u00edadas!!!&nbsp;&nbsp;<a class=\"_58cn\" data-ft=\"{&quot;tn&quot;:&quot;*N&quot;,&quot;type&quot;:104}\" href=\"https:\/\/www.facebook.com\/hashtag\/mestrevitalino?source=feed_text&amp;story_id=935740083220360\" style=\"background-color: white; color: #365899; cursor: pointer; line-height: 19.32px; text-align: start; text-decoration: none;\">\u202a#\u200eMestreVitalino\u202c<\/a>&nbsp;<a class=\"_58cn\" data-ft=\"{&quot;tn&quot;:&quot;*N&quot;,&quot;type&quot;:104}\" href=\"https:\/\/www.facebook.com\/hashtag\/altodomoura?source=feed_text&amp;story_id=935740083220360\" style=\"background-color: white; color: #365899; cursor: pointer; line-height: 19.32px; text-align: start; text-decoration: none;\">\u202a#\u200eAltoDoMoura\u202c<\/a>&nbsp;<a class=\"_58cn\" data-ft=\"{&quot;tn&quot;:&quot;*N&quot;,&quot;type&quot;:104}\" href=\"https:\/\/www.facebook.com\/hashtag\/caruaru?source=feed_text&amp;story_id=935740083220360\" style=\"background-color: white; color: #365899; cursor: pointer; line-height: 19.32px; text-align: start; text-decoration: none;\">\u202a#\u200eCaruaru\u202c<\/a>&nbsp;<a class=\"_58cn\" data-ft=\"{&quot;tn&quot;:&quot;*N&quot;,&quot;type&quot;:104}\" href=\"https:\/\/www.facebook.com\/hashtag\/frevo?source=feed_text&amp;story_id=935740083220360\" style=\"background-color: white; color: #365899; cursor: pointer; line-height: 19.32px; text-align: start; text-decoration: none;\">\u202a#\u200eFrevo\u202c<\/a>&nbsp;<a class=\"_58cn\" data-ft=\"{&quot;tn&quot;:&quot;*N&quot;,&quot;type&quot;:104}\" href=\"https:\/\/www.facebook.com\/hashtag\/recife?source=feed_text&amp;story_id=935740083220360\" style=\"background-color: white; color: #365899; cursor: pointer; line-height: 19.32px; text-align: start; text-decoration: none;\">\u202a#\u200eRecife\u202c<\/a>&nbsp;#Nordeste&#8221;<\/div>\n<div style=\"text-align: justify;\">\n<\/div>\n<div class=\"separator\" style=\"clear: both; text-align: center;\">\n<a href=\"https:\/\/4.bp.blogspot.com\/-usnvfUU3554\/V7pOamWzyOI\/AAAAAAAAE4M\/uzz-kLLFXLY7NmTbLPmDyxbfR9OK2mxLgCLcB\/s1600\/pernambuco%2B2.jpg\" imageanchor=\"1\" style=\"margin-left: 1em; margin-right: 1em;\"><img loading=\"lazy\" decoding=\"async\" border=\"0\" height=\"225\" src=\"http:\/\/blogdoedvaldomagalhaes.com.br\/wp-content\/uploads\/2016\/08\/pernambuco2.jpg\" width=\"400\" \/><\/a><\/div>\n<div class=\"separator\" style=\"clear: both; text-align: center;\">\n<\/div>\n<div class=\"separator\" style=\"clear: both; text-align: justify;\">\nJ\u00f4 Barbosa escreveu: &#8220;Desculpem, mas sou pernambucana e posso dizer com propriedade que somos o estado mais cultural, plural e diverso do Brasil, por isso o show maior da cerim\u00f4nia de encerramento das olimp\u00edadas \u00e9 dos pernambucanos.&nbsp;Arrepiada.Nos representando e orgulhando na espetacular cerim\u00f4nia de encerramento,<a class=\"profileLink\" data-hovercard=\"\/ajax\/hovercard\/user.php?id=100001470102059\" href=\"https:\/\/www.facebook.com\/andre.andrejuliao\" style=\"background-color: white; color: #365899; cursor: pointer; line-height: 19.32px; text-decoration: none;\">Andr\u00e9 Juli\u00e3o<\/a>&nbsp;mandando ver na sanfona.&#8221;<\/div>\n<div class=\"separator\" style=\"clear: both; text-align: center;\">\n<\/div>\n<div class=\"separator\" style=\"clear: both; text-align: center;\">\n<a href=\"https:\/\/4.bp.blogspot.com\/-kScplZlVxEY\/V7pNpV5zx4I\/AAAAAAAAE4A\/ctiuxBCQ3r8OAU7e5_gSKSOFvdrX8jITACLcB\/s1600\/lenine.jpg\" imageanchor=\"1\" style=\"margin-left: 1em; margin-right: 1em;\"><img loading=\"lazy\" decoding=\"async\" border=\"0\" height=\"225\" src=\"http:\/\/blogdoedvaldomagalhaes.com.br\/wp-content\/uploads\/2016\/08\/lenine.jpg\" width=\"400\" \/><\/a><\/div>\n<div class=\"separator\" style=\"clear: both; text-align: center;\">\n<\/div>\n<div style=\"text-align: justify;\">\nCadu Oliveira: &#8220;Homenagem ao mestre Vitalino&#8230;.. De Caruaru para o mundo&#8230;.. Viva o<br \/>\nNordeste viva Pernambuco viva Caruaru viva Alto do Moura&#8230;&#8230;!!!!!&#8221;<\/p>\n<\/div>\n<div class=\"separator\" style=\"clear: both; text-align: center;\">\n<\/div>\n<div class=\"separator\" style=\"clear: both; text-align: center;\">\n<a href=\"https:\/\/4.bp.blogspot.com\/-Rxx3-G_yN1Y\/V7pWLZcJ-6I\/AAAAAAAAE48\/KkTdyrl7fTQ3L3mBfYTUvSpZ_AkzlQq2gCLcB\/s1600\/1.jpg\" imageanchor=\"1\" style=\"margin-left: 1em; margin-right: 1em;\"><img loading=\"lazy\" decoding=\"async\" border=\"0\" height=\"277\" src=\"http:\/\/blogdoedvaldomagalhaes.com.br\/wp-content\/uploads\/2016\/08\/1-2.jpg\" width=\"400\" \/><\/a><\/div>\n<div class=\"separator\" style=\"clear: both; text-align: justify;\">\n<\/div>\n<div style=\"text-align: justify;\">\nMilton Santana postou: &#8220;Literalmente \u00e9 &#8216;barro e forr\u00f3&#8217;. Mestre Vitalino e Luiz Gonzaga! Viva a Cultura Nordestina!!! Lavei a alma e nos vi retratados como uma na\u00e7\u00e3o plural, finalmente!!!&nbsp;<a class=\"_58cn\" data-ft=\"{&quot;tn&quot;:&quot;*N&quot;,&quot;type&quot;:104}\" href=\"https:\/\/www.facebook.com\/hashtag\/rio2016?source=feed_text&amp;story_id=1099765590104449\" style=\"background-color: white; color: #365899; cursor: pointer; line-height: 19.32px; text-decoration: none;\">\u202a#\u200erio2016\u202c<\/a>&#8220;<\/div>\n<div class=\"separator\" style=\"clear: both; text-align: center;\">\n<\/div>\n<p><\/p>\n<div class=\"separator\" style=\"clear: both; text-align: center;\">\n<a href=\"https:\/\/3.bp.blogspot.com\/-sUUbypRrb2o\/V7pWRm_iVUI\/AAAAAAAAE5A\/yfpD93_0f50VARURY2xOqF9hLiaUcW11QCLcB\/s1600\/2.jpg\" imageanchor=\"1\" style=\"margin-left: 1em; margin-right: 1em;\"><img loading=\"lazy\" decoding=\"async\" border=\"0\" height=\"268\" src=\"http:\/\/blogdoedvaldomagalhaes.com.br\/wp-content\/uploads\/2016\/08\/2-1.jpg\" width=\"400\" \/><\/a><\/div>\n<div style=\"text-align: justify;\">\n<\/div>\n<p><\/p>\n<div style=\"text-align: justify;\">\nMichelle Veloso postou: &#8220;Agora \u00e9 a vez do pequeno pa\u00eds chamado Caruaru brilhar na festa de<br \/>\nencerramento! E tome forr\u00f3 de Luiz Gonzaga e bonequinhos de Vitalino!<br \/>\nPreciso nem dizer que chorei.   <a class=\"_58cn\" data-ft=\"{&quot;tn&quot;:&quot;*N&quot;,&quot;type&quot;:104}\" href=\"https:\/\/www.facebook.com\/hashtag\/somostodosol%C3%ADmpicos?source=feed_text&amp;story_id=10153933409600028\">\u202a#\u200eSomosTodosOl\u00edmpicos\u202c<\/a> <a class=\"_58cn\" data-ft=\"{&quot;tn&quot;:&quot;*N&quot;,&quot;type&quot;:104}\" href=\"https:\/\/www.facebook.com\/hashtag\/pa%C3%ADsdecaruaru?source=feed_text&amp;story_id=10153933409600028\">\u202a#\u200ePa\u00edsDeCaruaru\u202c<\/a>&#8220;<\/div>\n<div class=\"separator\" style=\"clear: both; text-align: center;\">\n<a href=\"https:\/\/1.bp.blogspot.com\/-7EtJpLgsfWI\/V7pOxFiVTyI\/AAAAAAAAE4U\/shUd-xwSw-0zmjBL66mNljDt0-NCUEAjQCLcB\/s1600\/pernambuco%2B3.jpg\" imageanchor=\"1\" style=\"margin-left: 1em; margin-right: 1em;\"><img loading=\"lazy\" decoding=\"async\" border=\"0\" height=\"400\" src=\"http:\/\/blogdoedvaldomagalhaes.com.br\/wp-content\/uploads\/2016\/08\/pernambuco3.jpg\" width=\"400\" \/><\/a><\/div>\n<div style=\"text-align: justify;\">\n<\/div>\n<p><\/p>\n<div style=\"text-align: justify;\">\nHumberto Bonny desabafou: &#8220;Com tanto lixo musical por ai .vc ver e ouvir o melhor da m\u00fasica e da<br \/>\ncultura Pernambucana na cerim\u00f4nia de enceramento das olimp\u00edadas para o<br \/>\nmundo ver. nos da um orgulho tanado.os bonecos de vitalino.andre <a class=\"profileLink\" data-hovercard=\"\/ajax\/hovercard\/user.php?id=100001470102059\" href=\"https:\/\/www.facebook.com\/andre.andrejuliao\">Andr\u00e9 Juli\u00e3o<\/a><br \/>\n na sanfona caruaruense,Jackson do pandeiro,Jacinto Silva  e o nosso<br \/>\nvelho e bom frevo.o mundo ficou encantado com tanta beleza musical e<br \/>\ncultural.mais ainda tem um monte de besta que existem em valorizar tanta<br \/>\n porcaria que esta no mercando em quando o mundo nos aplaude.alguns aqui<br \/>\n n\u00e3o admite que temos uma cultura riqu\u00edssima.\u00e9 muita borrice mesmo de<br \/>\nquem n\u00e3o valoriza a sua cultura sua m\u00fasica.rapaz com todo respeito . va<br \/>\nse lasca pra baixa da \u00e9gua fi de rapariga.se vc pensa assim, que o bom \u00e9<br \/>\n esse monte de baboseira e de porcaria que tem por ai.e vc ainda diz que<br \/>\n \u00e9 m\u00fasica.&#8221;<\/div>\n<div class=\"separator\" style=\"clear: both; text-align: center;\">\n<a href=\"https:\/\/1.bp.blogspot.com\/-birwHHC2Adg\/V7pPemgmrrI\/AAAAAAAAE4g\/H5MaxBDPluAhVHI8XX7h2U2hj5dGTr2EwCLcB\/s1600\/pernambuco%2B4.jpg\" imageanchor=\"1\" style=\"margin-left: 1em; margin-right: 1em;\"><img loading=\"lazy\" decoding=\"async\" border=\"0\" height=\"300\" src=\"http:\/\/blogdoedvaldomagalhaes.com.br\/wp-content\/uploads\/2016\/08\/pernambuco4.jpg\" width=\"400\" \/><\/a><\/div>\n<div style=\"text-align: justify;\">\n<\/div>\n<div style=\"background-color: white; color: #1d2129; line-height: 19.32px; margin-bottom: 6px; text-align: justify;\">\nJailson Rosset escreveu: &#8220;Rio a olimp\u00edada do s\u00e9culo, desde a sua abertura com r\u00edtmos Brasileir\u00edssimos, at\u00e9 as nossas grandes conqu\u00edstas dos nossos atletas, apesar de um momento conturbado em que o pa\u00eds se encontrava&#8230;.esperamos que nossos pol\u00edticos tomem como exemplo nossos atletas que se superaram nos enchendo de muito orgulho e nos fazendo acreditar que n\u00f3s n\u00e3o somos apenas o pa\u00eds do futebol, mas do v\u00f4lei, do basquete, do salto com vara, e do jud\u00f4, e tantos outros esportes, e que o nosso pa\u00eds, seja&nbsp;um pa\u00eds de amor,de solidariedade, de sorrisos, tamb\u00e9m de algumas l\u00e1grimas por alguns anos de luta e supera\u00e7\u00e3o, o nosso povo \u00e9 a nossa maior medalha, nosso esp\u00edrito j\u00e1 nasceu ol\u00edmpico, porque a cada momento e a cada instante somos campe\u00f5es em tornar o pouco, no muito, e o simples no majestoso, em tornar nossos sonhos em realidade, enfim, das nossas vit\u00f3rias e das nossas conquistas.<\/div>\n<div class=\"text_exposed_show\" style=\"background-color: white; color: #1d2129; display: inline; line-height: 19.32px;\">\n<div style=\"margin-bottom: 6px;\">\n<\/div>\n<div style=\"text-align: justify;\">\nSalve Salve o BRASIL salve o Rio e salve o meu NORDESTE, e viva o mestre vitalino e viva CARUARU!! \u00c9 a nossa M\u00daSICA!!&nbsp;\u00c9 muita emo\u00e7\u00e3ooooooo!!&#8221;<i class=\"_3kkw\" style=\"background-image: url(&quot;https:\/\/www.facebook.com\/images\/emoji.php\/v5\/ucc\/1\/16\/1f3bc.png&quot;); background-size: 16px 16px; display: inline-block; font-family: Arial, Helvetica, sans-serif; height: 16px; line-height: 19.32px; vertical-align: top; width: 16px;\">\ud83c\udfbc<\/i><\/div>\n<\/div>\n","protected":false},"excerpt":{"rendered":"<p>V\u00e1rias pessoas se manifestaram nas redes sociais ao ver pela televis\u00e3o as participa\u00e7\u00f5es de pernambucanos na cerim\u00f4nia de encerramento dos&hellip;<\/p>\n","protected":false},"author":1,"featured_media":0,"comment_status":"open","ping_status":"open","sticky":false,"template":"","format":"standard","meta":{"footnotes":""},"categories":[1],"tags":[2,12692,11264,12693,6,12694],"class_list":["post-8547","post","type-post","status-publish","format-standard","hentry","category-sem-categoria","tag-blog-do-edvaldo-magalhaes","tag-jailson-rosset","tag-jo-barbosa","tag-milton-santana","tag-noticias","tag-pernambuco-presente-na-cerimonia-de-encerramento-dos-jogos-olimpicos"],"_links":{"self":[{"href":"https:\/\/blogdoedvaldomagalhaes.com.br\/index.php\/wp-json\/wp\/v2\/posts\/8547","targetHints":{"allow":["GET"]}}],"collection":[{"href":"https:\/\/blogdoedvaldomagalhaes.com.br\/index.php\/wp-json\/wp\/v2\/posts"}],"about":[{"href":"https:\/\/blogdoedvaldomagalhaes.com.br\/index.php\/wp-json\/wp\/v2\/types\/post"}],"author":[{"embeddable":true,"href":"https:\/\/blogdoedvaldomagalhaes.com.br\/index.php\/wp-json\/wp\/v2\/users\/1"}],"replies":[{"embeddable":true,"href":"https:\/\/blogdoedvaldomagalhaes.com.br\/index.php\/wp-json\/wp\/v2\/comments?post=8547"}],"version-history":[{"count":1,"href":"https:\/\/blogdoedvaldomagalhaes.com.br\/index.php\/wp-json\/wp\/v2\/posts\/8547\/revisions"}],"predecessor-version":[{"id":11622,"href":"https:\/\/blogdoedvaldomagalhaes.com.br\/index.php\/wp-json\/wp\/v2\/posts\/8547\/revisions\/11622"}],"wp:attachment":[{"href":"https:\/\/blogdoedvaldomagalhaes.com.br\/index.php\/wp-json\/wp\/v2\/media?parent=8547"}],"wp:term":[{"taxonomy":"category","embeddable":true,"href":"https:\/\/blogdoedvaldomagalhaes.com.br\/index.php\/wp-json\/wp\/v2\/categories?post=8547"},{"taxonomy":"post_tag","embeddable":true,"href":"https:\/\/blogdoedvaldomagalhaes.com.br\/index.php\/wp-json\/wp\/v2\/tags?post=8547"}],"curies":[{"name":"wp","href":"https:\/\/api.w.org\/{rel}","templated":true}]}}