{"id":8546,"date":"2016-08-22T02:05:00","date_gmt":"2016-08-22T05:05:00","guid":{"rendered":"http:\/\/blogdoedvaldomagalhaes.com.br\/index.php\/2016\/08\/22\/tony-gel-e-rafdfie-dellon-realizara\/"},"modified":"2019-02-09T00:55:59","modified_gmt":"2019-02-09T02:55:59","slug":"tony-gel-e-rafdfie-dellon-realizara","status":"publish","type":"post","link":"https:\/\/blogdoedvaldomagalhaes.com.br\/index.php\/2016\/08\/22\/tony-gel-e-rafdfie-dellon-realizara\/","title":{"rendered":"Tony Gel e Raffi\u00ea Dellon realizaram passeio cicl\u00edstico em Caruaru"},"content":{"rendered":"<div class=\"separator\" style=\"clear: both; text-align: center;\">\n<a href=\"https:\/\/4.bp.blogspot.com\/-tT8mXPJ1U1g\/V7pcjVPhLPI\/AAAAAAAAE5Y\/OFTpbxGuHogagoPCMQATXdoJSGMM8BfOACLcB\/s1600\/tony%2Be%2Braffi%25C3%25AA.jpg\" imageanchor=\"1\" style=\"margin-left: 1em; margin-right: 1em;\"><img loading=\"lazy\" decoding=\"async\" border=\"0\" height=\"400\" src=\"http:\/\/blogdoedvaldomagalhaes.com.br\/wp-content\/uploads\/2016\/08\/tonyeraffiC3AA.jpg\" width=\"400\" \/><\/a><\/div>\n<p><\/p>\n<div class=\"separator\" style=\"clear: both; text-align: center;\">\n<a href=\"https:\/\/2.bp.blogspot.com\/-eHoSwYJ8o6I\/V7pcl7Hyr2I\/AAAAAAAAE5c\/yGD47bzTF5c5BVT8is2pALXQOCyyUmfrQCLcB\/s1600\/tony%2B2.jpg\" imageanchor=\"1\" style=\"margin-left: 1em; margin-right: 1em;\"><img loading=\"lazy\" decoding=\"async\" border=\"0\" height=\"266\" src=\"http:\/\/blogdoedvaldomagalhaes.com.br\/wp-content\/uploads\/2016\/08\/tony2.jpg\" width=\"400\" \/><\/a><\/div>\n<p><\/p>\n<div class=\"separator\" style=\"clear: both; text-align: center;\">\n<a href=\"https:\/\/2.bp.blogspot.com\/-HFAbI55KG24\/V7pcn1JG3yI\/AAAAAAAAE5g\/0vAnGpZ362MiqPl-pELGC6Dx52N7tUYTQCLcB\/s1600\/tony%2B3.jpg\" imageanchor=\"1\" style=\"margin-left: 1em; margin-right: 1em;\"><img loading=\"lazy\" decoding=\"async\" border=\"0\" height=\"265\" src=\"http:\/\/blogdoedvaldomagalhaes.com.br\/wp-content\/uploads\/2016\/08\/tony3.jpg\" width=\"400\" \/><\/a><\/div>\n<p><\/p>\n<div class=\"separator\" style=\"clear: both; text-align: center;\">\n<a href=\"https:\/\/2.bp.blogspot.com\/-MPBlpvih3KY\/V7pcqOlT5II\/AAAAAAAAE5k\/Qe0hYZFrp40xuBmbIi5LxI1JI81tv74ogCLcB\/s1600\/tony%2B4.jpg\" imageanchor=\"1\" style=\"margin-left: 1em; margin-right: 1em;\"><img loading=\"lazy\" decoding=\"async\" border=\"0\" height=\"265\" src=\"http:\/\/blogdoedvaldomagalhaes.com.br\/wp-content\/uploads\/2016\/08\/tony4.jpg\" width=\"400\" \/><\/a><\/div>\n<p><\/p>\n<div class=\"separator\" style=\"clear: both; text-align: center;\">\n<a href=\"https:\/\/4.bp.blogspot.com\/-lX2Rw5K3JDE\/V7pcrxk29mI\/AAAAAAAAE5o\/A5Uy8m_Jh2gQYj0jqicrsplNJHdf5x-AACLcB\/s1600\/tony%2B5.jpg\" imageanchor=\"1\" style=\"margin-left: 1em; margin-right: 1em;\"><img loading=\"lazy\" decoding=\"async\" border=\"0\" height=\"233\" src=\"http:\/\/blogdoedvaldomagalhaes.com.br\/wp-content\/uploads\/2016\/08\/tony5.jpg\" width=\"400\" \/><\/a><\/div>\n<p><\/p>\n<div class=\"separator\" style=\"clear: both; text-align: center;\">\n<a href=\"https:\/\/2.bp.blogspot.com\/-hgd3LYziHOk\/V7pcyh1mUtI\/AAAAAAAAE5s\/DL_Ryzabgq4i0lNg0iS7PwMAXWgWwTCqwCLcB\/s1600\/tony%2B6.jpg\" imageanchor=\"1\" style=\"margin-left: 1em; margin-right: 1em;\"><img loading=\"lazy\" decoding=\"async\" border=\"0\" height=\"266\" src=\"http:\/\/blogdoedvaldomagalhaes.com.br\/wp-content\/uploads\/2016\/08\/tony6.jpg\" width=\"400\" \/><\/a><\/div>\n<div class=\"separator\" style=\"clear: both; text-align: center;\">\n<\/div>\n<div class=\"separator\" style=\"clear: both; text-align: justify;\">\nO candidato a Prefeito Tony Gel (PMDB) e o candidato a vice Raffi\u00ea Dellon (PV), realizaram um passeio cicl\u00edstico na tarde deste domingo em Caruaru. A sa\u00edda em frente a est\u00e1tua de Luiz Gonzaga, no P\u00e1tio de Eventos. Eles percorreram v\u00e1rias ruas da cidade.<\/div>\n<div style=\"text-align: justify;\">\n<\/div>\n","protected":false},"excerpt":{"rendered":"<p>O candidato a Prefeito Tony Gel (PMDB) e o candidato a vice Raffi\u00ea Dellon (PV), realizaram um passeio cicl\u00edstico na&hellip;<\/p>\n","protected":false},"author":1,"featured_media":0,"comment_status":"open","ping_status":"open","sticky":false,"template":"","format":"standard","meta":{"footnotes":""},"categories":[1],"tags":[2,3121,12691,3485,4966,20,12062,2491,995],"class_list":["post-8546","post","type-post","status-publish","format-standard","hentry","category-sem-categoria","tag-blog-do-edvaldo-magalhaes","tag-noticias-da-politica","tag-passeio-ciclistico","tag-patio-de-eventos-luiz-gonzaga","tag-pmdb","tag-politica","tag-pv","tag-raffie-dellon","tag-tony-gel"],"_links":{"self":[{"href":"https:\/\/blogdoedvaldomagalhaes.com.br\/index.php\/wp-json\/wp\/v2\/posts\/8546","targetHints":{"allow":["GET"]}}],"collection":[{"href":"https:\/\/blogdoedvaldomagalhaes.com.br\/index.php\/wp-json\/wp\/v2\/posts"}],"about":[{"href":"https:\/\/blogdoedvaldomagalhaes.com.br\/index.php\/wp-json\/wp\/v2\/types\/post"}],"author":[{"embeddable":true,"href":"https:\/\/blogdoedvaldomagalhaes.com.br\/index.php\/wp-json\/wp\/v2\/users\/1"}],"replies":[{"embeddable":true,"href":"https:\/\/blogdoedvaldomagalhaes.com.br\/index.php\/wp-json\/wp\/v2\/comments?post=8546"}],"version-history":[{"count":1,"href":"https:\/\/blogdoedvaldomagalhaes.com.br\/index.php\/wp-json\/wp\/v2\/posts\/8546\/revisions"}],"predecessor-version":[{"id":11629,"href":"https:\/\/blogdoedvaldomagalhaes.com.br\/index.php\/wp-json\/wp\/v2\/posts\/8546\/revisions\/11629"}],"wp:attachment":[{"href":"https:\/\/blogdoedvaldomagalhaes.com.br\/index.php\/wp-json\/wp\/v2\/media?parent=8546"}],"wp:term":[{"taxonomy":"category","embeddable":true,"href":"https:\/\/blogdoedvaldomagalhaes.com.br\/index.php\/wp-json\/wp\/v2\/categories?post=8546"},{"taxonomy":"post_tag","embeddable":true,"href":"https:\/\/blogdoedvaldomagalhaes.com.br\/index.php\/wp-json\/wp\/v2\/tags?post=8546"}],"curies":[{"name":"wp","href":"https:\/\/api.w.org\/{rel}","templated":true}]}}