{"id":8541,"date":"2016-08-22T15:46:00","date_gmt":"2016-08-22T18:46:00","guid":{"rendered":"http:\/\/blogdoedvaldomagalhaes.com.br\/index.php\/2016\/08\/22\/seminario-lutas-e-cores-destacou\/"},"modified":"2019-02-09T00:56:00","modified_gmt":"2019-02-09T02:56:00","slug":"seminario-lutas-e-cores-destacou","status":"publish","type":"post","link":"https:\/\/blogdoedvaldomagalhaes.com.br\/index.php\/2016\/08\/22\/seminario-lutas-e-cores-destacou\/","title":{"rendered":"Semin\u00e1rio Lutas e Cores destacou a forma\u00e7\u00e3o pol\u00edtica dos ativistas LGBT de Caruaru e regi\u00e3o"},"content":{"rendered":"<div class=\"separator\" style=\"clear: both; text-align: center;\">\n<a href=\"https:\/\/4.bp.blogspot.com\/-ljLejZHanLE\/V7sdO7O07uI\/AAAAAAAAE6s\/8C2PczVRMjUSy2EUayq5ETeuP_N9AO-ggCLcB\/s1600\/gays.jpg\" imageanchor=\"1\" style=\"margin-left: 1em; margin-right: 1em;\"><img loading=\"lazy\" decoding=\"async\" border=\"0\" height=\"221\" src=\"http:\/\/blogdoedvaldomagalhaes.com.br\/wp-content\/uploads\/2016\/08\/gays.jpg\" width=\"400\" \/><\/a><\/div>\n<div style=\"text-align: justify;\">\n<\/div>\n<div style=\"text-align: justify;\">\nI Semin\u00e1rio do Lutas e Cores: Trajet\u00f3rias e Conquistas do Movimento LGBT, foi realizado no \u00faltimo s\u00e1bado (20), na Secretaria de Participa\u00e7\u00e3o Social e teve a presen\u00e7a de representantes da Prefeitura de Caruaru como Katherine Lajes &#8211; Secret\u00e1ria da Mulher e Direitos Humanos, Leonardo Bulh\u00f5es &#8211; Secret\u00e1rio de Participa\u00e7\u00e3o Social, Marta Melo &#8211; Secret\u00e1ria de Crian\u00e7a, Adolescente e Pol\u00edticas Sociais, Marcos Pedrosa &#8211; Representando a Secret\u00e1ria de Sa\u00fade Aparecida Souza. Tamb\u00e9m estiveram presentes Elba Ravane &#8211; Coordenadora da ong DIVERSA e Aristoteles Veloso \u2013 Professor do UNIFAVIP.<\/div>\n<div style=\"text-align: justify;\">\nDe acordo com \u00c9merson Santos, representante da Comiss\u00e3o Organizadora do Semin\u00e1rio, um dos objetivos do evento foi possibilitar a forma\u00e7\u00e3o pol\u00edtica dos\/as ativistas LGBT de Caruaru e regi\u00e3o, \u201cnosso semin\u00e1rio \u00e9 fruto da provoca\u00e7\u00e3o dos\/as pr\u00f3prios\/as ativistas do Coletivo LGBT Lutas e Cores, na busca por forma\u00e7\u00e3o pol\u00edtica. Consideramos que o evento cumpriu com o seu objetivo, tendo em vista a qualidade das discuss\u00f5es realizadas e a presen\u00e7a de 60 pessoas aqui na Casa da Participa\u00e7\u00e3o, al\u00e9m da intera\u00e7\u00e3o online de centenas internautas atrav\u00e9s da transmiss\u00e3o ao vivo que realizamos na Fan Page do Lutas e Cores no Facebook\u201d.<\/div>\n<p><\/p>\n<div style=\"text-align: justify;\">\n<\/div>\n<div style=\"text-align: justify;\">\nOs certificados de participa\u00e7\u00e3o no semin\u00e1rio estar\u00e3o dispon\u00edveis para serem retirados na Casa da Participa\u00e7\u00e3o Social a partir do dia 5 de setembro de 2016, das 9h \u00e0s 12h. Para mais informa\u00e7\u00f5es sobre o evento, os\/as interessados devem entrar em contato atrav\u00e9s do endere\u00e7o de email:&nbsp;<a href=\"mailto:lutasecores@gmail.com\">lutasecores@gmail.com<\/a>.<\/div>\n<div style=\"text-align: justify;\">\n<\/div>\n<div class=\"separator\" style=\"clear: both; text-align: center;\">\n<a href=\"https:\/\/4.bp.blogspot.com\/-oimGknnKJ2s\/V7sdUR35kpI\/AAAAAAAAE6w\/4k3eiNTpjMo_5HqRytrwiLrPQgYonWdcACLcB\/s1600\/gays%2B1.jpg\" imageanchor=\"1\" style=\"margin-left: 1em; margin-right: 1em;\"><img loading=\"lazy\" decoding=\"async\" border=\"0\" height=\"221\" src=\"http:\/\/blogdoedvaldomagalhaes.com.br\/wp-content\/uploads\/2016\/08\/gays1.jpg\" width=\"400\" \/><\/a><\/div>\n","protected":false},"excerpt":{"rendered":"<p>I Semin\u00e1rio do Lutas e Cores: Trajet\u00f3rias e Conquistas do Movimento LGBT, foi realizado no \u00faltimo s\u00e1bado (20), na Secretaria&hellip;<\/p>\n","protected":false},"author":1,"featured_media":0,"comment_status":"open","ping_status":"open","sticky":false,"template":"","format":"standard","meta":{"footnotes":""},"categories":[1],"tags":[10373,12678,2,12679,12680,12681,12682,12683,6],"class_list":["post-8541","post","type-post","status-publish","format-standard","hentry","category-sem-categoria","tag-aparecida-souza","tag-aristoteles-veloso","tag-blog-do-edvaldo-magalhaes","tag-elba-ravane","tag-katherine-lajes","tag-leonardo-bulhoes","tag-marcos-pedrosa","tag-marta-melo","tag-noticias"],"_links":{"self":[{"href":"https:\/\/blogdoedvaldomagalhaes.com.br\/index.php\/wp-json\/wp\/v2\/posts\/8541","targetHints":{"allow":["GET"]}}],"collection":[{"href":"https:\/\/blogdoedvaldomagalhaes.com.br\/index.php\/wp-json\/wp\/v2\/posts"}],"about":[{"href":"https:\/\/blogdoedvaldomagalhaes.com.br\/index.php\/wp-json\/wp\/v2\/types\/post"}],"author":[{"embeddable":true,"href":"https:\/\/blogdoedvaldomagalhaes.com.br\/index.php\/wp-json\/wp\/v2\/users\/1"}],"replies":[{"embeddable":true,"href":"https:\/\/blogdoedvaldomagalhaes.com.br\/index.php\/wp-json\/wp\/v2\/comments?post=8541"}],"version-history":[{"count":1,"href":"https:\/\/blogdoedvaldomagalhaes.com.br\/index.php\/wp-json\/wp\/v2\/posts\/8541\/revisions"}],"predecessor-version":[{"id":11641,"href":"https:\/\/blogdoedvaldomagalhaes.com.br\/index.php\/wp-json\/wp\/v2\/posts\/8541\/revisions\/11641"}],"wp:attachment":[{"href":"https:\/\/blogdoedvaldomagalhaes.com.br\/index.php\/wp-json\/wp\/v2\/media?parent=8541"}],"wp:term":[{"taxonomy":"category","embeddable":true,"href":"https:\/\/blogdoedvaldomagalhaes.com.br\/index.php\/wp-json\/wp\/v2\/categories?post=8541"},{"taxonomy":"post_tag","embeddable":true,"href":"https:\/\/blogdoedvaldomagalhaes.com.br\/index.php\/wp-json\/wp\/v2\/tags?post=8541"}],"curies":[{"name":"wp","href":"https:\/\/api.w.org\/{rel}","templated":true}]}}