{"id":85342,"date":"2022-07-16T16:46:54","date_gmt":"2022-07-16T19:46:54","guid":{"rendered":"https:\/\/blogdoedvaldomagalhaes.com.br\/?p=85342"},"modified":"2022-07-16T16:46:55","modified_gmt":"2022-07-16T19:46:55","slug":"tony-gel-e-tonynho-visitam-frei-miguelinho-e-recebem-apoio-do-grupo-politico-do-vereador-william","status":"publish","type":"post","link":"https:\/\/blogdoedvaldomagalhaes.com.br\/index.php\/2022\/07\/16\/tony-gel-e-tonynho-visitam-frei-miguelinho-e-recebem-apoio-do-grupo-politico-do-vereador-william\/","title":{"rendered":"Tony Gel e Tonynho visitam Frei Miguelinho e recebem apoio do grupo pol\u00edtico do vereador William"},"content":{"rendered":"<p style=\"text-align: justify;\"><span style=\"font-size: inherit;\">O deputado estadual Tony Gel (PSB) e o pr\u00e9-candidato a deputado federal Tonynho Rodrigues (MDB), estiveram neste s\u00e1bado (16) na cidade de Frei Miguelinho, munic\u00edpio que vem sendo beneficiado pelo parlamentar atrav\u00e9s de emendas parlamentares. O primeiro compromisso foi na comunidade de Placas, na ch\u00e1cara do empres\u00e1rio Caruaruense Bibiu das lou\u00e7as.<\/span><\/p>\n<p style=\"text-align: justify;\">Logo em seguida, Tony Gel e Tonynho foram a Vila de Ch\u00e3 do Carmo, para um almo\u00e7o na casa do Vereador William Arruda e do ex-vereador Amaro do Sindicato, que reuniram amigos e correligion\u00e1rios para anunciar apoio aos pr\u00e9-candidatos Tony e Tonynho. Honrados e agradecidos com o apoio recebido, agradeceram exaltando o excelente trabalho que o Vereador William vem realizando em Frei Miguelinho.<\/p>\n","protected":false},"excerpt":{"rendered":"<p>O deputado estadual Tony Gel (PSB) e o pr\u00e9-candidato a deputado federal Tonynho Rodrigues (MDB), estiveram neste s\u00e1bado (16) na&hellip;<\/p>\n","protected":false},"author":1,"featured_media":85343,"comment_status":"open","ping_status":"open","sticky":false,"template":"","format":"standard","meta":{"footnotes":""},"categories":[14122],"tags":[2,19532,3406,20,25093],"class_list":["post-85342","post","type-post","status-publish","format-standard","has-post-thumbnail","hentry","category-politica","tag-blog-do-edvaldo-magalhaes","tag-blog-mais-acessado-e-visualizado-de-caruaru-e-regiao","tag-caruaru","tag-politica","tag-tony-gel-e-tonynho-visitam-frei-miguelinho-e-recebem-apoio-do-grupo-politico-do-vereador-william"],"_links":{"self":[{"href":"https:\/\/blogdoedvaldomagalhaes.com.br\/index.php\/wp-json\/wp\/v2\/posts\/85342","targetHints":{"allow":["GET"]}}],"collection":[{"href":"https:\/\/blogdoedvaldomagalhaes.com.br\/index.php\/wp-json\/wp\/v2\/posts"}],"about":[{"href":"https:\/\/blogdoedvaldomagalhaes.com.br\/index.php\/wp-json\/wp\/v2\/types\/post"}],"author":[{"embeddable":true,"href":"https:\/\/blogdoedvaldomagalhaes.com.br\/index.php\/wp-json\/wp\/v2\/users\/1"}],"replies":[{"embeddable":true,"href":"https:\/\/blogdoedvaldomagalhaes.com.br\/index.php\/wp-json\/wp\/v2\/comments?post=85342"}],"version-history":[{"count":1,"href":"https:\/\/blogdoedvaldomagalhaes.com.br\/index.php\/wp-json\/wp\/v2\/posts\/85342\/revisions"}],"predecessor-version":[{"id":85344,"href":"https:\/\/blogdoedvaldomagalhaes.com.br\/index.php\/wp-json\/wp\/v2\/posts\/85342\/revisions\/85344"}],"wp:featuredmedia":[{"embeddable":true,"href":"https:\/\/blogdoedvaldomagalhaes.com.br\/index.php\/wp-json\/wp\/v2\/media\/85343"}],"wp:attachment":[{"href":"https:\/\/blogdoedvaldomagalhaes.com.br\/index.php\/wp-json\/wp\/v2\/media?parent=85342"}],"wp:term":[{"taxonomy":"category","embeddable":true,"href":"https:\/\/blogdoedvaldomagalhaes.com.br\/index.php\/wp-json\/wp\/v2\/categories?post=85342"},{"taxonomy":"post_tag","embeddable":true,"href":"https:\/\/blogdoedvaldomagalhaes.com.br\/index.php\/wp-json\/wp\/v2\/tags?post=85342"}],"curies":[{"name":"wp","href":"https:\/\/api.w.org\/{rel}","templated":true}]}}