{"id":85337,"date":"2022-07-16T12:13:10","date_gmt":"2022-07-16T15:13:10","guid":{"rendered":"https:\/\/blogdoedvaldomagalhaes.com.br\/?p=85337"},"modified":"2022-07-16T12:16:55","modified_gmt":"2022-07-16T15:16:55","slug":"arraia-de-jacare-grande-sera-realizado-neste-sabado-16","status":"publish","type":"post","link":"https:\/\/blogdoedvaldomagalhaes.com.br\/index.php\/2022\/07\/16\/arraia-de-jacare-grande-sera-realizado-neste-sabado-16\/","title":{"rendered":"Arrai\u00e1 de Jacar\u00e9 Grande ser\u00e1 realizado neste s\u00e1bado (16)"},"content":{"rendered":"<p style=\"text-align: justify;\">O Arrai\u00e1 de Jacar\u00e9 Grande ser\u00e1 realizado neste s\u00e1bado (16), a partir das 19h, na Vila de Jacar\u00e9 Grande, na Zona Rural de Caruaru. Haver\u00e1 comida t\u00edpica e muito forr\u00f3 com o Fole de Ouro e Amigos do Forr\u00f3. O vereador Galego de Lajes, convida a todos para participarem.<\/p>\n","protected":false},"excerpt":{"rendered":"<p>O Arrai\u00e1 de Jacar\u00e9 Grande ser\u00e1 realizado neste s\u00e1bado (16), a partir das 19h, na Vila de Jacar\u00e9 Grande, na&hellip;<\/p>\n","protected":false},"author":1,"featured_media":85339,"comment_status":"open","ping_status":"open","sticky":false,"template":"","format":"standard","meta":{"footnotes":""},"categories":[14120],"tags":[25092,2,19532,3406],"class_list":["post-85337","post","type-post","status-publish","format-standard","has-post-thumbnail","hentry","category-noticias","tag-arraia-de-jacare-grande-sera-realizado-neste-sabado-16","tag-blog-do-edvaldo-magalhaes","tag-blog-mais-acessado-e-visualizado-de-caruaru-e-regiao","tag-caruaru"],"_links":{"self":[{"href":"https:\/\/blogdoedvaldomagalhaes.com.br\/index.php\/wp-json\/wp\/v2\/posts\/85337","targetHints":{"allow":["GET"]}}],"collection":[{"href":"https:\/\/blogdoedvaldomagalhaes.com.br\/index.php\/wp-json\/wp\/v2\/posts"}],"about":[{"href":"https:\/\/blogdoedvaldomagalhaes.com.br\/index.php\/wp-json\/wp\/v2\/types\/post"}],"author":[{"embeddable":true,"href":"https:\/\/blogdoedvaldomagalhaes.com.br\/index.php\/wp-json\/wp\/v2\/users\/1"}],"replies":[{"embeddable":true,"href":"https:\/\/blogdoedvaldomagalhaes.com.br\/index.php\/wp-json\/wp\/v2\/comments?post=85337"}],"version-history":[{"count":1,"href":"https:\/\/blogdoedvaldomagalhaes.com.br\/index.php\/wp-json\/wp\/v2\/posts\/85337\/revisions"}],"predecessor-version":[{"id":85340,"href":"https:\/\/blogdoedvaldomagalhaes.com.br\/index.php\/wp-json\/wp\/v2\/posts\/85337\/revisions\/85340"}],"wp:featuredmedia":[{"embeddable":true,"href":"https:\/\/blogdoedvaldomagalhaes.com.br\/index.php\/wp-json\/wp\/v2\/media\/85339"}],"wp:attachment":[{"href":"https:\/\/blogdoedvaldomagalhaes.com.br\/index.php\/wp-json\/wp\/v2\/media?parent=85337"}],"wp:term":[{"taxonomy":"category","embeddable":true,"href":"https:\/\/blogdoedvaldomagalhaes.com.br\/index.php\/wp-json\/wp\/v2\/categories?post=85337"},{"taxonomy":"post_tag","embeddable":true,"href":"https:\/\/blogdoedvaldomagalhaes.com.br\/index.php\/wp-json\/wp\/v2\/tags?post=85337"}],"curies":[{"name":"wp","href":"https:\/\/api.w.org\/{rel}","templated":true}]}}