{"id":85334,"date":"2022-07-16T10:26:46","date_gmt":"2022-07-16T13:26:46","guid":{"rendered":"https:\/\/blogdoedvaldomagalhaes.com.br\/?p=85334"},"modified":"2022-07-16T10:26:47","modified_gmt":"2022-07-16T13:26:47","slug":"concurso-petisco-da-feira-de-caruaru-segue-ate-quarta-feira-20-com-opcoes-saborosas-e-votacao-de-consumidores","status":"publish","type":"post","link":"https:\/\/blogdoedvaldomagalhaes.com.br\/index.php\/2022\/07\/16\/concurso-petisco-da-feira-de-caruaru-segue-ate-quarta-feira-20-com-opcoes-saborosas-e-votacao-de-consumidores\/","title":{"rendered":"Concurso Petisco da Feira de Caruaru segue at\u00e9 quarta-feira (20) com op\u00e7\u00f5es saborosas e vota\u00e7\u00e3o de consumidores"},"content":{"rendered":"<p style=\"text-align: justify;\">O S\u00e3o Jo\u00e3o j\u00e1 se despediu do calend\u00e1rio 2022, mas o Mercado Cultural Casa Rosa, no Parque 18 de Maio, que foi um dos polos dos festejos da Capital do Forr\u00f3, permanece com v\u00e1rios atrativos para quem n\u00e3o dispensa uma comida gostosa junto de aperitivos deliciosos e de uma boa m\u00fasica. Em paralelo \u00e0 programa\u00e7\u00e3o cultural dotada de bastante forr\u00f3, o local sedia at\u00e9 esta quarta-feira (20), o 1\u00ba Concurso Gastron\u00f4mico O Petisco da Feira de Caruaru.<\/p>\n<p>Ao todo, 25 estabelecimentos se encontram oferecendo petiscos deliciosos, que foram inscritos na competi\u00e7\u00e3o e que est\u00e3o sendo avaliados pelos consumidores. Dentre as op\u00e7\u00f5es de dar \u00e1gua na boca est\u00e3o a mini buchada, o arrumadinho de bode, a rabada com cuscuz e salada, a macaxeira cremosa com charque e o bolinho de carne seca.<\/p>\n<p>\u201cO concurso tem como objetivo promover justamente a Capital do Agreste como importante polo gastron\u00f4mico do Estado disseminando tamb\u00e9m esse conceito para a popula\u00e7\u00e3o local. Convidamos a todos a saborearem as del\u00edcias dispon\u00edveis\u201d, destacou o secret\u00e1rio da Secretaria de Desenvolvimento Econ\u00f4mico, Turismo e Economia Criativa de Caruaru, Andr\u00e9 Teixeira Filho.<\/p>\n<p>O 1\u00ba Concurso Gastron\u00f4mico O Petisco da Feira de Caruaru \u00e9 uma realiza\u00e7\u00e3o da Prefeitura de Caruaru juntamente do Sebrae de Pernambuco. A iniciativa faz parte da s\u00e9rie de atividades que tem sido empregada no local, por meio do Festival Gastron\u00f4mico do Mercado Casa Rosa.<\/p>\n<p><strong>Vota\u00e7\u00e3o<\/strong><\/p>\n<p>A avalia\u00e7\u00e3o dos petiscos se dar\u00e1 em duas etapas, sendo a primeira mediante vota\u00e7\u00e3o popular via QR Code dispon\u00edvel nos estabelecimentos participantes e a segunda mediante avalia\u00e7\u00e3o de j\u00fari t\u00e9cnico. Os tr\u00eas primeiros colocados receber\u00e3o certificado fornecido pelo Sebrae e Prefeitura de Caruaru.<\/p>\n","protected":false},"excerpt":{"rendered":"<p>O S\u00e3o Jo\u00e3o j\u00e1 se despediu do calend\u00e1rio 2022, mas o Mercado Cultural Casa Rosa, no Parque 18 de Maio,&hellip;<\/p>\n","protected":false},"author":1,"featured_media":85335,"comment_status":"open","ping_status":"open","sticky":false,"template":"","format":"standard","meta":{"footnotes":""},"categories":[14120],"tags":[2,19532,3406,25091],"class_list":["post-85334","post","type-post","status-publish","format-standard","has-post-thumbnail","hentry","category-noticias","tag-blog-do-edvaldo-magalhaes","tag-blog-mais-acessado-e-visualizado-de-caruaru-e-regiao","tag-caruaru","tag-concurso-petisco-da-feira-de-caruaru-segue-ate-quarta-feira-20-com-opcoes-saborosas-e-votacao-de-consumidores"],"_links":{"self":[{"href":"https:\/\/blogdoedvaldomagalhaes.com.br\/index.php\/wp-json\/wp\/v2\/posts\/85334","targetHints":{"allow":["GET"]}}],"collection":[{"href":"https:\/\/blogdoedvaldomagalhaes.com.br\/index.php\/wp-json\/wp\/v2\/posts"}],"about":[{"href":"https:\/\/blogdoedvaldomagalhaes.com.br\/index.php\/wp-json\/wp\/v2\/types\/post"}],"author":[{"embeddable":true,"href":"https:\/\/blogdoedvaldomagalhaes.com.br\/index.php\/wp-json\/wp\/v2\/users\/1"}],"replies":[{"embeddable":true,"href":"https:\/\/blogdoedvaldomagalhaes.com.br\/index.php\/wp-json\/wp\/v2\/comments?post=85334"}],"version-history":[{"count":1,"href":"https:\/\/blogdoedvaldomagalhaes.com.br\/index.php\/wp-json\/wp\/v2\/posts\/85334\/revisions"}],"predecessor-version":[{"id":85336,"href":"https:\/\/blogdoedvaldomagalhaes.com.br\/index.php\/wp-json\/wp\/v2\/posts\/85334\/revisions\/85336"}],"wp:featuredmedia":[{"embeddable":true,"href":"https:\/\/blogdoedvaldomagalhaes.com.br\/index.php\/wp-json\/wp\/v2\/media\/85335"}],"wp:attachment":[{"href":"https:\/\/blogdoedvaldomagalhaes.com.br\/index.php\/wp-json\/wp\/v2\/media?parent=85334"}],"wp:term":[{"taxonomy":"category","embeddable":true,"href":"https:\/\/blogdoedvaldomagalhaes.com.br\/index.php\/wp-json\/wp\/v2\/categories?post=85334"},{"taxonomy":"post_tag","embeddable":true,"href":"https:\/\/blogdoedvaldomagalhaes.com.br\/index.php\/wp-json\/wp\/v2\/tags?post=85334"}],"curies":[{"name":"wp","href":"https:\/\/api.w.org\/{rel}","templated":true}]}}