{"id":85325,"date":"2022-07-15T20:05:32","date_gmt":"2022-07-15T23:05:32","guid":{"rendered":"https:\/\/blogdoedvaldomagalhaes.com.br\/?p=85325"},"modified":"2022-07-15T20:05:34","modified_gmt":"2022-07-15T23:05:34","slug":"furtos-de-hidrometros-prejudicam-o-abastecimento-de-agua-em-caruaru","status":"publish","type":"post","link":"https:\/\/blogdoedvaldomagalhaes.com.br\/index.php\/2022\/07\/15\/furtos-de-hidrometros-prejudicam-o-abastecimento-de-agua-em-caruaru\/","title":{"rendered":"Furtos de hidr\u00f4metros prejudicam o abastecimento de \u00e1gua em Caruaru"},"content":{"rendered":"<p style=\"text-align: justify;\"><span style=\"font-size: inherit;\">Al\u00e9m dos furtos de cabos e equipamentos el\u00e9tricos que ocorrem em unidades operacionais, a Compesa vem identificando um n\u00famero maior de furtos de hidr\u00f4metros na cidade de Caruaru. Apenas no primeiro semestre deste ano, cerca de 600 equipamentos j\u00e1 foram furtados no munic\u00edpio causando transtornos \u00e0 popula\u00e7\u00e3o que tem seu abastecimento prejudicado, al\u00e9m do desperd\u00edcio de \u00e1gua uma vez que o furto do hidr\u00f4metro acaba causando vazamento.<\/span><\/p>\n<p style=\"text-align: justify;\">O hidr\u00f4metro \u00e9 um equipamento de precis\u00e3o que registra o volume de \u00e1gua consumido em um im\u00f3vel conectado ao sistema de abastecimento de \u00e1gua. \u00c9 por ele que se sabe o consumo de um im\u00f3vel.<\/p>\n<p style=\"text-align: justify;\">Em casos de furto, a popula\u00e7\u00e3o precisa estar alerta e, al\u00e9m de comunicar \u00e0 Companhia o mais r\u00e1pido poss\u00edvel, tamb\u00e9m realizar o boletim de ocorr\u00eancia para que as autoridades consigam identificar com mais facilidade quem est\u00e1 praticando a a\u00e7\u00e3o criminosa.<\/p>\n<p style=\"text-align: justify;\">A Compesa est\u00e1 dispon\u00edvel atrav\u00e9s de diversos cais de atendimento:<\/p>\n<p style=\"text-align: justify;\">\n\u260eATENDIMENTO 24h: 0800 081 0195<\/p>\n<p style=\"text-align: justify;\">\ud83d\udcf2 WHATSAPP: 81 99488 2336<\/p>\n<p>\ud83d\udcbbLOJA VIRTUAL DA COMPESA: www.compesa.com.br<\/p>\n<p>\ud83d\udcf1 APP COMPESA<\/p>\n<p>Foto ilustrativa: \/Divulga\u00e7\u00e3o.<\/p>\n","protected":false},"excerpt":{"rendered":"<p>Al\u00e9m dos furtos de cabos e equipamentos el\u00e9tricos que ocorrem em unidades operacionais, a Compesa vem identificando um n\u00famero maior&hellip;<\/p>\n","protected":false},"author":1,"featured_media":85326,"comment_status":"open","ping_status":"open","sticky":false,"template":"","format":"standard","meta":{"footnotes":""},"categories":[14120],"tags":[2,19532,3406,25088],"class_list":["post-85325","post","type-post","status-publish","format-standard","has-post-thumbnail","hentry","category-noticias","tag-blog-do-edvaldo-magalhaes","tag-blog-mais-acessado-e-visualizado-de-caruaru-e-regiao","tag-caruaru","tag-furtos-de-hidrometros-prejudicam-o-abastecimento-de-agua-em-caruaru"],"_links":{"self":[{"href":"https:\/\/blogdoedvaldomagalhaes.com.br\/index.php\/wp-json\/wp\/v2\/posts\/85325","targetHints":{"allow":["GET"]}}],"collection":[{"href":"https:\/\/blogdoedvaldomagalhaes.com.br\/index.php\/wp-json\/wp\/v2\/posts"}],"about":[{"href":"https:\/\/blogdoedvaldomagalhaes.com.br\/index.php\/wp-json\/wp\/v2\/types\/post"}],"author":[{"embeddable":true,"href":"https:\/\/blogdoedvaldomagalhaes.com.br\/index.php\/wp-json\/wp\/v2\/users\/1"}],"replies":[{"embeddable":true,"href":"https:\/\/blogdoedvaldomagalhaes.com.br\/index.php\/wp-json\/wp\/v2\/comments?post=85325"}],"version-history":[{"count":1,"href":"https:\/\/blogdoedvaldomagalhaes.com.br\/index.php\/wp-json\/wp\/v2\/posts\/85325\/revisions"}],"predecessor-version":[{"id":85327,"href":"https:\/\/blogdoedvaldomagalhaes.com.br\/index.php\/wp-json\/wp\/v2\/posts\/85325\/revisions\/85327"}],"wp:featuredmedia":[{"embeddable":true,"href":"https:\/\/blogdoedvaldomagalhaes.com.br\/index.php\/wp-json\/wp\/v2\/media\/85326"}],"wp:attachment":[{"href":"https:\/\/blogdoedvaldomagalhaes.com.br\/index.php\/wp-json\/wp\/v2\/media?parent=85325"}],"wp:term":[{"taxonomy":"category","embeddable":true,"href":"https:\/\/blogdoedvaldomagalhaes.com.br\/index.php\/wp-json\/wp\/v2\/categories?post=85325"},{"taxonomy":"post_tag","embeddable":true,"href":"https:\/\/blogdoedvaldomagalhaes.com.br\/index.php\/wp-json\/wp\/v2\/tags?post=85325"}],"curies":[{"name":"wp","href":"https:\/\/api.w.org\/{rel}","templated":true}]}}