{"id":85322,"date":"2022-07-15T17:40:40","date_gmt":"2022-07-15T20:40:40","guid":{"rendered":"https:\/\/blogdoedvaldomagalhaes.com.br\/?p=85322"},"modified":"2022-07-15T17:40:42","modified_gmt":"2022-07-15T20:40:42","slug":"anderson-correia-articula-entrega-de-livros-infantis-para-o-icia","status":"publish","type":"post","link":"https:\/\/blogdoedvaldomagalhaes.com.br\/index.php\/2022\/07\/15\/anderson-correia-articula-entrega-de-livros-infantis-para-o-icia\/","title":{"rendered":"Anderson Correia articula entrega de livros infantis para o ICIA"},"content":{"rendered":"<p style=\"text-align: justify;\"><span style=\"font-size: inherit;\">O vereador e pr\u00e9-candidato a deputado federal, Anderson Correia (PP), esteve, no fim da tarde desta sexta-feira (15), no Instituto do C\u00e2ncer Infantil do Agreste (ICIA), na entrega de v\u00e1rios livros para a institui\u00e7\u00e3o. \u201cA zebrinha zuma e o cateter &#8211; uma hist\u00f3ria de supera\u00e7\u00e3o\u201d, escrito pelo autores Paulo Alaor e Leonardo C\u00e2mara &#8211; que se inspirou na hist\u00f3ria do filho Daniel Guimar\u00e3es C\u00e2mara, que luta bravamente contra uma leucemia infantil.<\/span><\/p>\n<p style=\"text-align: justify;\">\u201cEssa \u00e9 daquelas pautas que mexem com o nosso cora\u00e7\u00e3o. O livro tem uma linda hist\u00f3ria que com certeza vai trazer esperan\u00e7a e divers\u00e3o para todos os leitores, especialmente aos pacientes do ICIA, institui\u00e7\u00e3o que tanto amo. Meu agradecimento aos amigos advogados Bruno Braga e Anna Luiza, membros da Advocacia Geral da Uni\u00e3o (AGU), que nos ajudaram a trazer essa obra liter\u00e1ria t\u00e3o especial, voltada para nossas crian\u00e7as\u201d, destacou o edil.<\/p>\n<p style=\"text-align: justify;\">Anderson Correia fez parte do Instituto do C\u00e2ncer Infantil do Agreste (ICIA), por 10 anos, como assessor de imprensa. Como parlamentar, o vereador que tem grande apre\u00e7o pelo ICIA, sempre busca trazer melhorias para o local, como a inclus\u00e3o da institui\u00e7\u00e3o no SUS, visando a amplia\u00e7\u00e3o de leitos de UTI\u2019s pedi\u00e1tricas.<\/p>\n","protected":false},"excerpt":{"rendered":"<p>O vereador e pr\u00e9-candidato a deputado federal, Anderson Correia (PP), esteve, no fim da tarde desta sexta-feira (15), no Instituto&hellip;<\/p>\n","protected":false},"author":1,"featured_media":85323,"comment_status":"open","ping_status":"open","sticky":false,"template":"","format":"standard","meta":{"footnotes":""},"categories":[14122],"tags":[25087,2,19532,3406,20],"class_list":["post-85322","post","type-post","status-publish","format-standard","has-post-thumbnail","hentry","category-politica","tag-anderson-correia-articula-entrega-de-livros-infantis-para-o-icia","tag-blog-do-edvaldo-magalhaes","tag-blog-mais-acessado-e-visualizado-de-caruaru-e-regiao","tag-caruaru","tag-politica"],"_links":{"self":[{"href":"https:\/\/blogdoedvaldomagalhaes.com.br\/index.php\/wp-json\/wp\/v2\/posts\/85322","targetHints":{"allow":["GET"]}}],"collection":[{"href":"https:\/\/blogdoedvaldomagalhaes.com.br\/index.php\/wp-json\/wp\/v2\/posts"}],"about":[{"href":"https:\/\/blogdoedvaldomagalhaes.com.br\/index.php\/wp-json\/wp\/v2\/types\/post"}],"author":[{"embeddable":true,"href":"https:\/\/blogdoedvaldomagalhaes.com.br\/index.php\/wp-json\/wp\/v2\/users\/1"}],"replies":[{"embeddable":true,"href":"https:\/\/blogdoedvaldomagalhaes.com.br\/index.php\/wp-json\/wp\/v2\/comments?post=85322"}],"version-history":[{"count":1,"href":"https:\/\/blogdoedvaldomagalhaes.com.br\/index.php\/wp-json\/wp\/v2\/posts\/85322\/revisions"}],"predecessor-version":[{"id":85324,"href":"https:\/\/blogdoedvaldomagalhaes.com.br\/index.php\/wp-json\/wp\/v2\/posts\/85322\/revisions\/85324"}],"wp:featuredmedia":[{"embeddable":true,"href":"https:\/\/blogdoedvaldomagalhaes.com.br\/index.php\/wp-json\/wp\/v2\/media\/85323"}],"wp:attachment":[{"href":"https:\/\/blogdoedvaldomagalhaes.com.br\/index.php\/wp-json\/wp\/v2\/media?parent=85322"}],"wp:term":[{"taxonomy":"category","embeddable":true,"href":"https:\/\/blogdoedvaldomagalhaes.com.br\/index.php\/wp-json\/wp\/v2\/categories?post=85322"},{"taxonomy":"post_tag","embeddable":true,"href":"https:\/\/blogdoedvaldomagalhaes.com.br\/index.php\/wp-json\/wp\/v2\/tags?post=85322"}],"curies":[{"name":"wp","href":"https:\/\/api.w.org\/{rel}","templated":true}]}}