{"id":8532,"date":"2016-08-23T10:36:00","date_gmt":"2016-08-23T13:36:00","guid":{"rendered":"http:\/\/blogdoedvaldomagalhaes.com.br\/index.php\/2016\/08\/23\/mulher-e-assassinada-tiros-pelo-marido\/"},"modified":"2019-02-09T00:56:06","modified_gmt":"2019-02-09T02:56:06","slug":"mulher-e-assassinada-tiros-pelo-marido","status":"publish","type":"post","link":"https:\/\/blogdoedvaldomagalhaes.com.br\/index.php\/2016\/08\/23\/mulher-e-assassinada-tiros-pelo-marido\/","title":{"rendered":"Mulher \u00e9 assassinada a tiros pelo marido no Agreste"},"content":{"rendered":"<div id=\"resize\" style=\"margin-top: 40px; text-align: justify;\">\n<div style=\"text-align: justify;\">\n<div class=\"separator\" style=\"clear: both; text-align: center;\">\n<a href=\"https:\/\/2.bp.blogspot.com\/-3dvphqpCroU\/V7wvn5uv7II\/AAAAAAAAE9c\/bH7kKjPB-AohglVrnMOuMSvr4J0461oXQCLcB\/s1600\/policia.jpg\" imageanchor=\"1\" style=\"margin-left: 1em; margin-right: 1em;\"><img loading=\"lazy\" decoding=\"async\" border=\"0\" height=\"253\" src=\"http:\/\/blogdoedvaldomagalhaes.com.br\/wp-content\/uploads\/2016\/08\/policia-6.jpg\" width=\"400\" \/><\/a><\/div>\n<p>\nDez pessoas foram assassinadas nas<br \/>\n\u00faltimas 24 horas em Pernambuco. Foram registrados cinco homic\u00eddios no<br \/>\nGrande Recife e cinco no interior do Estado, conforme informou a R\u00e1dio<br \/>\nLiberdade.<\/div>\n<div style=\"text-align: justify;\">\n<\/div>\n<div style=\"text-align: justify;\">\nEm Bom Jardim, Agreste pernambucano, uma<br \/>\n mulher foi morta a tiros, no S\u00edtio Ch\u00e3 de Arroz, zona rural do<br \/>\nmunic\u00edpio. A agricultora S\u00f4nia Mendes da Silva tinha 32 anos. O crime<br \/>\nfoi praticado pelo marido dela, o ex-presidi\u00e1rio Josival Gomes de Moura,<br \/>\n 34, que tentou suic\u00eddio. Ele foi socorrido para o Hospital de Bom<br \/>\nJardim.<\/div>\n<div style=\"text-align: justify;\">\n<\/div>\n<div style=\"text-align: justify;\">\nSegundo a pol\u00edcia, Josival Gomes \u00e9<br \/>\nacusado de um homic\u00eddio em Machados e tem envolvimento com tr\u00e1fico de<br \/>\ndrogas, al\u00e9m da pr\u00e1tica de assaltos. O corpo S\u00f4nia Maria foi encaminhado<br \/>\n para o Instituto de Medicina Legal (IML) de Caruaru.<\/div>\n<\/div>\n","protected":false},"excerpt":{"rendered":"<p>Dez pessoas foram assassinadas nas \u00faltimas 24 horas em Pernambuco. Foram registrados cinco homic\u00eddios no Grande Recife e cinco no&hellip;<\/p>\n","protected":false},"author":1,"featured_media":0,"comment_status":"open","ping_status":"open","sticky":false,"template":"","format":"standard","meta":{"footnotes":""},"categories":[1],"tags":[2,8263,12663,3149,12664,10616,13,12665],"class_list":["post-8532","post","type-post","status-publish","format-standard","hentry","category-sem-categoria","tag-blog-do-edvaldo-magalhaes","tag-bom-jardim","tag-hospital-de-bom-jardim","tag-iml","tag-mulher-e-assassinada-a-tiros-pelo-marido-no-agreste","tag-pernambuco","tag-policial","tag-sitio-gra-de-de-arroz"],"_links":{"self":[{"href":"https:\/\/blogdoedvaldomagalhaes.com.br\/index.php\/wp-json\/wp\/v2\/posts\/8532","targetHints":{"allow":["GET"]}}],"collection":[{"href":"https:\/\/blogdoedvaldomagalhaes.com.br\/index.php\/wp-json\/wp\/v2\/posts"}],"about":[{"href":"https:\/\/blogdoedvaldomagalhaes.com.br\/index.php\/wp-json\/wp\/v2\/types\/post"}],"author":[{"embeddable":true,"href":"https:\/\/blogdoedvaldomagalhaes.com.br\/index.php\/wp-json\/wp\/v2\/users\/1"}],"replies":[{"embeddable":true,"href":"https:\/\/blogdoedvaldomagalhaes.com.br\/index.php\/wp-json\/wp\/v2\/comments?post=8532"}],"version-history":[{"count":1,"href":"https:\/\/blogdoedvaldomagalhaes.com.br\/index.php\/wp-json\/wp\/v2\/posts\/8532\/revisions"}],"predecessor-version":[{"id":11659,"href":"https:\/\/blogdoedvaldomagalhaes.com.br\/index.php\/wp-json\/wp\/v2\/posts\/8532\/revisions\/11659"}],"wp:attachment":[{"href":"https:\/\/blogdoedvaldomagalhaes.com.br\/index.php\/wp-json\/wp\/v2\/media?parent=8532"}],"wp:term":[{"taxonomy":"category","embeddable":true,"href":"https:\/\/blogdoedvaldomagalhaes.com.br\/index.php\/wp-json\/wp\/v2\/categories?post=8532"},{"taxonomy":"post_tag","embeddable":true,"href":"https:\/\/blogdoedvaldomagalhaes.com.br\/index.php\/wp-json\/wp\/v2\/tags?post=8532"}],"curies":[{"name":"wp","href":"https:\/\/api.w.org\/{rel}","templated":true}]}}