{"id":85310,"date":"2022-07-14T21:06:00","date_gmt":"2022-07-15T00:06:00","guid":{"rendered":"https:\/\/blogdoedvaldomagalhaes.com.br\/?p=85310"},"modified":"2022-07-14T21:06:01","modified_gmt":"2022-07-15T00:06:01","slug":"nova-maternidade-de-caruaru-comeca-a-realizar-partos-de-urgencia-e-emergencia-nesta-sexta-15","status":"publish","type":"post","link":"https:\/\/blogdoedvaldomagalhaes.com.br\/index.php\/2022\/07\/14\/nova-maternidade-de-caruaru-comeca-a-realizar-partos-de-urgencia-e-emergencia-nesta-sexta-15\/","title":{"rendered":"Nova Maternidade de Caruaru come\u00e7a a realizar partos de urg\u00eancia e emerg\u00eancia nesta sexta (15)"},"content":{"rendered":"<p style=\"text-align: justify;\"><span style=\"font-size: inherit;\">A partir das 8h desta sexta-feira (15), as gestantes residentes em Caruaru, que entrarem em trabalho de parto ou necessitarem de atendimento de urg\u00eancia e emerg\u00eancia obst\u00e9trica, poder\u00e3o se dirigir at\u00e9 nova maternidade. Localizada no bairro Luiz Gonzaga, a Maternidade Municipal Santa Dulce dos Pobres (MMSDP) fica por tr\u00e1s do Hospital Mestre Vitalino (HMV). Desde o m\u00eas de abril, a unidade j\u00e1 vem realizando atendimentos ambulatoriais, como: teste do pezinho e consultas com neonatologistas para egressos (beb\u00eas nascidos na Casa de Sa\u00fade Bom Jesus).<\/span><\/p>\n<p style=\"text-align: justify;\">A secret\u00e1ria de Sa\u00fade de Caruaru, B\u00e1rbara Flor\u00eancio, comemorou a conclus\u00e3o do processo de mudan\u00e7a e explicou como ser\u00e1 o atendimento no local. \u201c\u00c9 um momento de grande alegria para n\u00f3s poder concluir mais esta etapa de um equipamento de sa\u00fade, que \u00e9 de extrema import\u00e2ncia para as mulheres. A nova maternidade vai atender, exclusivamente, as mulheres residentes no munic\u00edpio. L\u00e1, poder\u00e3o ser atendidas as mulheres com pr\u00e9-natal de baixo risco. O servi\u00e7o de alta complexidade, para partos de alto risco, se mant\u00e9m sob a compet\u00eancia do Estado\u201d, concluiu.<\/p>\n<p style=\"text-align: justify;\">Agora, a MMSDP passa a ser refer\u00eancia municipal em obstetr\u00edcia e est\u00e1 equipada para atender a demanda de, aproximadamente, 20 mil gestantes de baixo risco ao ano e uma m\u00e9dia mensal de 1.700 (um mil e setecentas) gestantes. O local conta com mais de 300 colaboradores, entre ginecologistas obstetras, pediatras neonatologistas, enfermeiros obstetras, t\u00e9cnicos de enfermagem, auxiliares de servi\u00e7os administrativos, servi\u00e7os gerais, porteiros, maqueiros e uma equipe multiprofissional composta por fonoaudi\u00f3loga, psic\u00f3logas, assistentes sociais, fisioterapeutas, entre outras especialidades.<\/p>\n","protected":false},"excerpt":{"rendered":"<p>A partir das 8h desta sexta-feira (15), as gestantes residentes em Caruaru, que entrarem em trabalho de parto ou necessitarem&hellip;<\/p>\n","protected":false},"author":1,"featured_media":85311,"comment_status":"open","ping_status":"open","sticky":false,"template":"","format":"standard","meta":{"footnotes":""},"categories":[14120],"tags":[2,19532,3406,25084],"class_list":["post-85310","post","type-post","status-publish","format-standard","has-post-thumbnail","hentry","category-noticias","tag-blog-do-edvaldo-magalhaes","tag-blog-mais-acessado-e-visualizado-de-caruaru-e-regiao","tag-caruaru","tag-nova-maternidade-de-caruaru-passa-a-realizar-partos-de-urgencia-e-emergencia-nesta-sexta-feira-15"],"_links":{"self":[{"href":"https:\/\/blogdoedvaldomagalhaes.com.br\/index.php\/wp-json\/wp\/v2\/posts\/85310","targetHints":{"allow":["GET"]}}],"collection":[{"href":"https:\/\/blogdoedvaldomagalhaes.com.br\/index.php\/wp-json\/wp\/v2\/posts"}],"about":[{"href":"https:\/\/blogdoedvaldomagalhaes.com.br\/index.php\/wp-json\/wp\/v2\/types\/post"}],"author":[{"embeddable":true,"href":"https:\/\/blogdoedvaldomagalhaes.com.br\/index.php\/wp-json\/wp\/v2\/users\/1"}],"replies":[{"embeddable":true,"href":"https:\/\/blogdoedvaldomagalhaes.com.br\/index.php\/wp-json\/wp\/v2\/comments?post=85310"}],"version-history":[{"count":1,"href":"https:\/\/blogdoedvaldomagalhaes.com.br\/index.php\/wp-json\/wp\/v2\/posts\/85310\/revisions"}],"predecessor-version":[{"id":85312,"href":"https:\/\/blogdoedvaldomagalhaes.com.br\/index.php\/wp-json\/wp\/v2\/posts\/85310\/revisions\/85312"}],"wp:featuredmedia":[{"embeddable":true,"href":"https:\/\/blogdoedvaldomagalhaes.com.br\/index.php\/wp-json\/wp\/v2\/media\/85311"}],"wp:attachment":[{"href":"https:\/\/blogdoedvaldomagalhaes.com.br\/index.php\/wp-json\/wp\/v2\/media?parent=85310"}],"wp:term":[{"taxonomy":"category","embeddable":true,"href":"https:\/\/blogdoedvaldomagalhaes.com.br\/index.php\/wp-json\/wp\/v2\/categories?post=85310"},{"taxonomy":"post_tag","embeddable":true,"href":"https:\/\/blogdoedvaldomagalhaes.com.br\/index.php\/wp-json\/wp\/v2\/tags?post=85310"}],"curies":[{"name":"wp","href":"https:\/\/api.w.org\/{rel}","templated":true}]}}