{"id":8531,"date":"2016-08-23T11:33:00","date_gmt":"2016-08-23T14:33:00","guid":{"rendered":"http:\/\/blogdoedvaldomagalhaes.com.br\/index.php\/2016\/08\/23\/quatro-delinquentes-sao-pegos-pelas\/"},"modified":"2019-02-09T00:56:06","modified_gmt":"2019-02-09T02:56:06","slug":"quatro-delinquentes-sao-pegos-pelas","status":"publish","type":"post","link":"https:\/\/blogdoedvaldomagalhaes.com.br\/index.php\/2016\/08\/23\/quatro-delinquentes-sao-pegos-pelas\/","title":{"rendered":"Quatro delinquentes s\u00e3o pegos pelas Malhas da Lei e Nia em Caruaru"},"content":{"rendered":"<div class=\"separator\" style=\"clear: both; text-align: center;\">\n<a href=\"https:\/\/4.bp.blogspot.com\/-C-vsWVe1_jQ\/V7xw_N1YgtI\/AAAAAAAAE-Q\/u_aJElPn9I8t2dd3mZXMImz7Ti5PAZ2RgCLcB\/s1600\/policia.jpg\" imageanchor=\"1\" style=\"margin-left: 1em; margin-right: 1em;\"><img loading=\"lazy\" decoding=\"async\" border=\"0\" height=\"253\" src=\"http:\/\/blogdoedvaldomagalhaes.com.br\/wp-content\/uploads\/2016\/08\/policia-7.jpg\" width=\"400\" \/><\/a><\/div>\n<p>\nNa tarde dessa segunda-feira (22), a equipe da Opera\u00e7\u00e3o Malhas da Lei da AIS 14, numa opera\u00e7\u00e3o conjunta com o Sargento \u201cLobo Solit\u00e1rio\u201d do NIA (N\u00facleo de Intelig\u00eancia do Agreste) deu cumprimento a quatro mandados de recolhimentos judiciais, sendo tr\u00eas de pris\u00f5es e um de busca e apreens\u00e3o, todos em Caruaru.<\/p>\n<div style=\"background-color: white; line-height: 18.48px; text-align: justify;\">\nOs mandados de pris\u00f5es foram cumpridos em locais distintos, o primeiro deles foi na Rua Carlos Alberto Barbosa, no bairro Jos\u00e9 Carlos de Oliveira, onde prenderam em casa,&nbsp;<b>Alexsandro Rodrigues de Ara\u00fajo<\/b>, de 35 anos, na Avenida Rio Branco, no centro, foi preso,&nbsp;<b>Jean Pierre Cavalcante de Aquino<\/b>, de 27 anos, residente na Rua San Martin, no bairro S\u00e3o Jo\u00e3o da Esc\u00f3cia, j\u00e1 na Avenida do Aeroporto do Caj\u00e1, no Sol Poente, prenderam em casa,&nbsp;<b>Tiago Em\u00edlio da Silva<\/b>, de 28 anos. Alexsandro e Tiago ser\u00e3o encaminhados ao pres\u00eddio de Santa Cruz do Capibaribe e o Jean Pierre ser\u00e1 levado ao Pres\u00eddio Desembargador Augusto Duque em Pesqueira.<\/div>\n<div style=\"background-color: white; line-height: 18.48px; text-align: justify;\">\nNo bairro Maur\u00edcio de Nassau os policiais apreenderam um adolescente de 17 anos, que mora no bairro Santa Rosa, coincidentemente a equipe passava pelo local quando visualizou o menor infrator, que imediatamente foi reconhecido, o deteve e o encaminhou &nbsp;a Funase local.<\/p>\n<p>Com informa\u00e7\u00f5es do Blog do Adielson Galv\u00e3o<\/p><\/div>\n","protected":false},"excerpt":{"rendered":"<p>Na tarde dessa segunda-feira (22), a equipe da Opera\u00e7\u00e3o Malhas da Lei da AIS 14, numa opera\u00e7\u00e3o conjunta com o&hellip;<\/p>\n","protected":false},"author":1,"featured_media":0,"comment_status":"open","ping_status":"open","sticky":false,"template":"","format":"standard","meta":{"footnotes":""},"categories":[1],"tags":[1413,2,1950,11713,12661,13,12662],"class_list":["post-8531","post","type-post","status-publish","format-standard","hentry","category-sem-categoria","tag-bairro-mauricio-de-nassau","tag-blog-do-edvaldo-magalhaes","tag-noticias-de-caruaru","tag-nucleo-de-inteligencia-do-agreste","tag-operacao-malhas-da-lei-da-ais-14","tag-policial","tag-sargento-lobo-solitario-do-nia"],"_links":{"self":[{"href":"https:\/\/blogdoedvaldomagalhaes.com.br\/index.php\/wp-json\/wp\/v2\/posts\/8531","targetHints":{"allow":["GET"]}}],"collection":[{"href":"https:\/\/blogdoedvaldomagalhaes.com.br\/index.php\/wp-json\/wp\/v2\/posts"}],"about":[{"href":"https:\/\/blogdoedvaldomagalhaes.com.br\/index.php\/wp-json\/wp\/v2\/types\/post"}],"author":[{"embeddable":true,"href":"https:\/\/blogdoedvaldomagalhaes.com.br\/index.php\/wp-json\/wp\/v2\/users\/1"}],"replies":[{"embeddable":true,"href":"https:\/\/blogdoedvaldomagalhaes.com.br\/index.php\/wp-json\/wp\/v2\/comments?post=8531"}],"version-history":[{"count":1,"href":"https:\/\/blogdoedvaldomagalhaes.com.br\/index.php\/wp-json\/wp\/v2\/posts\/8531\/revisions"}],"predecessor-version":[{"id":11661,"href":"https:\/\/blogdoedvaldomagalhaes.com.br\/index.php\/wp-json\/wp\/v2\/posts\/8531\/revisions\/11661"}],"wp:attachment":[{"href":"https:\/\/blogdoedvaldomagalhaes.com.br\/index.php\/wp-json\/wp\/v2\/media?parent=8531"}],"wp:term":[{"taxonomy":"category","embeddable":true,"href":"https:\/\/blogdoedvaldomagalhaes.com.br\/index.php\/wp-json\/wp\/v2\/categories?post=8531"},{"taxonomy":"post_tag","embeddable":true,"href":"https:\/\/blogdoedvaldomagalhaes.com.br\/index.php\/wp-json\/wp\/v2\/tags?post=8531"}],"curies":[{"name":"wp","href":"https:\/\/api.w.org\/{rel}","templated":true}]}}