{"id":85303,"date":"2022-07-14T20:10:54","date_gmt":"2022-07-14T23:10:54","guid":{"rendered":"https:\/\/blogdoedvaldomagalhaes.com.br\/?p=85303"},"modified":"2022-07-14T20:24:38","modified_gmt":"2022-07-14T23:24:38","slug":"ex-presidiario-morre-em-troca-de-tiros-com-policiais-em-caruaru","status":"publish","type":"post","link":"https:\/\/blogdoedvaldomagalhaes.com.br\/index.php\/2022\/07\/14\/ex-presidiario-morre-em-troca-de-tiros-com-policiais-em-caruaru\/","title":{"rendered":"Ex-presidi\u00e1rio morre em troca de tiros com policiais em Caruaru"},"content":{"rendered":"<p style=\"text-align: justify;\">Policiais Civis e do 1\u00b0 BIEsp foram cumprir um mandado de pris\u00e3o, na tarde desta quinta -feira (14), na rua Fortaleza, nas encostas do Monte Bom Jesus, em Caruaru, e foram recebidos a tiros por dois indiv\u00edduos, revidando a injusta agress\u00e3o.<\/p>\n<p style=\"text-align: justify;\">Na troca de tiros, o ex-presidi\u00e1rio Lucas Eduardo de Lima, 24 anos de idade, que j\u00e1 havia sido preso por assalto, foi atingido por um disparo de arma de fogo no pesco\u00e7o, sendo socorrido para o Hospital Regional do Agreste (HRA), onde faleceu. J\u00e1 o alvo do mandado de pris\u00e3o conseguiu fugir, e pol\u00edcia est\u00e1 o procurando.<\/p>\n","protected":false},"excerpt":{"rendered":"<p>Policiais Civis e do 1\u00b0 BIEsp foram cumprir um mandado de pris\u00e3o, na tarde desta quinta -feira (14), na rua&hellip;<\/p>\n","protected":false},"author":1,"featured_media":44424,"comment_status":"open","ping_status":"open","sticky":false,"template":"","format":"standard","meta":{"footnotes":""},"categories":[14121],"tags":[2,19532,3406,25083,5448],"class_list":["post-85303","post","type-post","status-publish","format-standard","has-post-thumbnail","hentry","category-policial","tag-blog-do-edvaldo-magalhaes","tag-blog-mais-acessado-e-visualizado-de-caruaru-e-regiao","tag-caruaru","tag-ex-presidiario-morre-em-troca-de-tiros-com-policiais-em-caruaru","tag-homicidio"],"_links":{"self":[{"href":"https:\/\/blogdoedvaldomagalhaes.com.br\/index.php\/wp-json\/wp\/v2\/posts\/85303","targetHints":{"allow":["GET"]}}],"collection":[{"href":"https:\/\/blogdoedvaldomagalhaes.com.br\/index.php\/wp-json\/wp\/v2\/posts"}],"about":[{"href":"https:\/\/blogdoedvaldomagalhaes.com.br\/index.php\/wp-json\/wp\/v2\/types\/post"}],"author":[{"embeddable":true,"href":"https:\/\/blogdoedvaldomagalhaes.com.br\/index.php\/wp-json\/wp\/v2\/users\/1"}],"replies":[{"embeddable":true,"href":"https:\/\/blogdoedvaldomagalhaes.com.br\/index.php\/wp-json\/wp\/v2\/comments?post=85303"}],"version-history":[{"count":4,"href":"https:\/\/blogdoedvaldomagalhaes.com.br\/index.php\/wp-json\/wp\/v2\/posts\/85303\/revisions"}],"predecessor-version":[{"id":85309,"href":"https:\/\/blogdoedvaldomagalhaes.com.br\/index.php\/wp-json\/wp\/v2\/posts\/85303\/revisions\/85309"}],"wp:featuredmedia":[{"embeddable":true,"href":"https:\/\/blogdoedvaldomagalhaes.com.br\/index.php\/wp-json\/wp\/v2\/media\/44424"}],"wp:attachment":[{"href":"https:\/\/blogdoedvaldomagalhaes.com.br\/index.php\/wp-json\/wp\/v2\/media?parent=85303"}],"wp:term":[{"taxonomy":"category","embeddable":true,"href":"https:\/\/blogdoedvaldomagalhaes.com.br\/index.php\/wp-json\/wp\/v2\/categories?post=85303"},{"taxonomy":"post_tag","embeddable":true,"href":"https:\/\/blogdoedvaldomagalhaes.com.br\/index.php\/wp-json\/wp\/v2\/tags?post=85303"}],"curies":[{"name":"wp","href":"https:\/\/api.w.org\/{rel}","templated":true}]}}