{"id":85297,"date":"2022-07-14T13:53:50","date_gmt":"2022-07-14T16:53:50","guid":{"rendered":"https:\/\/blogdoedvaldomagalhaes.com.br\/?p=85297"},"modified":"2022-07-14T13:53:51","modified_gmt":"2022-07-14T16:53:51","slug":"caruaruense-rosa-amorim-do-mst-lanca-pre-candidatura-para-deputada-estadual","status":"publish","type":"post","link":"https:\/\/blogdoedvaldomagalhaes.com.br\/index.php\/2022\/07\/14\/caruaruense-rosa-amorim-do-mst-lanca-pre-candidatura-para-deputada-estadual\/","title":{"rendered":"Caruaruense Rosa Amorim, do MST, lan\u00e7a pr\u00e9-candidatura para deputada estadual"},"content":{"rendered":"<p style=\"text-align: justify;\"><span style=\"font-size: inherit;\">Caruaruense e Sem Terra, Rosa Amorim simboliza o primeiro passo do Movimento dos Trabalhadores e Trabalhadoras Rurais Sem Terra (MST-PE) dentro do cen\u00e1rio eleitoral em Pernambuco. Neste s\u00e1bado (16), a pr\u00e9-candidata a deputada estadual recebe a imprensa na Casa do Partido dos Trabalhadores (PT) de Caruaru, \u00e0s 10h, para conversar sobre a constru\u00e7\u00e3o de um projeto popular para o Brasil.<\/span><\/p>\n<p style=\"text-align: justify;\">Ainda no s\u00e1bado, haver\u00e1 o evento de lan\u00e7amento da pr\u00e9-campanha na capital do agreste, \u00e0s 17h, no Centro de Forma\u00e7\u00e3o Paulo Freire, no assentamento Normandia, na Zona Rural de Caruaru, onde Rosa cresceu e conviveu com a luta pela Reforma Agr\u00e1ria junto aos seus pais, Jaime Amorim e Rubneuza Leandro, dirigentes do MST em Pernambuco.<\/p>\n<p style=\"text-align: justify;\">Preparada para a disputa de uma das vagas da Assembleia Legislativa de Pernambuco, Rosa tem 25 anos, \u00e9 negra, l\u00e9sbica e militante do MST desde a \u00e9poca que era Sem Terrinha. Inserida na milit\u00e2ncia desde a adolesc\u00eancia, a pr\u00e9-candidata ainda vem do movimento estudantil, \u00e9 militante do Levante Popular da Juventude e hoje comp\u00f5e a diretoria de Cultura da Uni\u00e3o Nacional dos Estudantes (UNE).<\/p>\n<p style=\"text-align: justify;\">\u201c\u00c9 muito simb\u00f3lico fazermos nosso ato de pr\u00e9-candidatura em Caruaru. A cidade em que nasci, que cresci e iniciei minha vida pol\u00edtica. Mais simb\u00f3lico ainda faz\u00ea-lo no Assentamento Normandia, onde aconteceu uma das lutas mais simb\u00f3licas do Movimento Sem Terra no Estado de Pernambuco. \u00c9 um ato que vem com muita for\u00e7a. \u00c9 a for\u00e7a do povo Sem Terra, a for\u00e7a do povo de Caruaru, a for\u00e7a do povo Pernambucano\u201d, afirma Rosa Amorim.<\/p>\n<p style=\"text-align: justify;\">Para Jaime Amorim, o contexto eleitoral pede nomes que estejam em defesa das pautas do povo. \u201cA pol\u00edtica partid\u00e1ria \u00e9 um espa\u00e7o importante para que possamos impedir que a extrema direita reacion\u00e1ria possa continuar destruindo aquilo que o povo conquistou historicamente. As conquistas sociais que tivemos ao longo dos anos e perdemos no governo Bolsonaro s\u00f3 podem ser recuperadas se o povo estiver mobilizado\u201d, afirma.<\/p>\n<p style=\"text-align: justify;\">Para Paulo Mansan, dirigente do MST em Pernambuco, Rosa \u00e9 uma candidata que expressa bem a rela\u00e7\u00e3o entre campo e cidade. \u201cEla \u00e9 filha da luta pela Reforma Agr\u00e1ria, faz parte de uma primeira gera\u00e7\u00e3o de assentados que nascem j\u00e1 dentro da \u00e1rea conquistada. Al\u00e9m disso, ela traz consigo a luta estudantil, das mulheres negras, da popula\u00e7\u00e3o LGBTQIA+&#8230; Sem contar em todo o trabalho que vem construindo, junto \u00e0 Campanha M\u00e3os Solid\u00e1rias, atuando diretamente no combate \u00e0 fome e no cuidado com a terra\u201d, pontua.<\/p>\n","protected":false},"excerpt":{"rendered":"<p>Caruaruense e Sem Terra, Rosa Amorim simboliza o primeiro passo do Movimento dos Trabalhadores e Trabalhadoras Rurais Sem Terra (MST-PE)&hellip;<\/p>\n","protected":false},"author":1,"featured_media":85298,"comment_status":"open","ping_status":"open","sticky":false,"template":"","format":"standard","meta":{"footnotes":""},"categories":[14122],"tags":[2,19532,3406,25080,25081],"class_list":["post-85297","post","type-post","status-publish","format-standard","has-post-thumbnail","hentry","category-politica","tag-blog-do-edvaldo-magalhaes","tag-blog-mais-acessado-e-visualizado-de-caruaru-e-regiao","tag-caruaru","tag-caruaruense-rosa-amorim-do-mst-lanca-pre-candidatura-para-deputada-estadual","tag-movimento-dos-trabalhadores-sem-terra"],"_links":{"self":[{"href":"https:\/\/blogdoedvaldomagalhaes.com.br\/index.php\/wp-json\/wp\/v2\/posts\/85297","targetHints":{"allow":["GET"]}}],"collection":[{"href":"https:\/\/blogdoedvaldomagalhaes.com.br\/index.php\/wp-json\/wp\/v2\/posts"}],"about":[{"href":"https:\/\/blogdoedvaldomagalhaes.com.br\/index.php\/wp-json\/wp\/v2\/types\/post"}],"author":[{"embeddable":true,"href":"https:\/\/blogdoedvaldomagalhaes.com.br\/index.php\/wp-json\/wp\/v2\/users\/1"}],"replies":[{"embeddable":true,"href":"https:\/\/blogdoedvaldomagalhaes.com.br\/index.php\/wp-json\/wp\/v2\/comments?post=85297"}],"version-history":[{"count":1,"href":"https:\/\/blogdoedvaldomagalhaes.com.br\/index.php\/wp-json\/wp\/v2\/posts\/85297\/revisions"}],"predecessor-version":[{"id":85299,"href":"https:\/\/blogdoedvaldomagalhaes.com.br\/index.php\/wp-json\/wp\/v2\/posts\/85297\/revisions\/85299"}],"wp:featuredmedia":[{"embeddable":true,"href":"https:\/\/blogdoedvaldomagalhaes.com.br\/index.php\/wp-json\/wp\/v2\/media\/85298"}],"wp:attachment":[{"href":"https:\/\/blogdoedvaldomagalhaes.com.br\/index.php\/wp-json\/wp\/v2\/media?parent=85297"}],"wp:term":[{"taxonomy":"category","embeddable":true,"href":"https:\/\/blogdoedvaldomagalhaes.com.br\/index.php\/wp-json\/wp\/v2\/categories?post=85297"},{"taxonomy":"post_tag","embeddable":true,"href":"https:\/\/blogdoedvaldomagalhaes.com.br\/index.php\/wp-json\/wp\/v2\/tags?post=85297"}],"curies":[{"name":"wp","href":"https:\/\/api.w.org\/{rel}","templated":true}]}}