{"id":85293,"date":"2022-07-14T12:32:21","date_gmt":"2022-07-14T15:32:21","guid":{"rendered":"https:\/\/blogdoedvaldomagalhaes.com.br\/?p=85293"},"modified":"2022-07-14T12:32:22","modified_gmt":"2022-07-14T15:32:22","slug":"procon-caruaru-visita-postos-de-gasolina-e-orienta-sobre-decreto-federal","status":"publish","type":"post","link":"https:\/\/blogdoedvaldomagalhaes.com.br\/index.php\/2022\/07\/14\/procon-caruaru-visita-postos-de-gasolina-e-orienta-sobre-decreto-federal\/","title":{"rendered":"Procon Caruaru visita postos de gasolina e orienta sobre Decreto Federal"},"content":{"rendered":"\n<p><\/p>\n\n\n<p style=\"text-align: justify;\"><span style=\"font-size: inherit;\">A equipe de fiscaliza\u00e7\u00e3o da Ger\u00eancia Municipal de Prote\u00e7\u00e3o e Defesa do Consumidor de Caruaru (Procon) est\u00e1, desde a ter\u00e7a-feira (12), visitando postos de combust\u00edveis do munic\u00edpio para orientar os respons\u00e1veis desses estabelecimentos sobre a obrigatoriedade do cumprimento do Decreto Federal 11.121\/22. A lei determina que os postos revendedores de combust\u00edveis devem informar aos consumidores, de forma correta, clara, precisa, ostensiva e leg\u00edvel, os pre\u00e7os dos combust\u00edveis automotivos praticados no dia 22 de junho de 2022 e atualmente.<\/span><\/p>\n<p style=\"text-align: justify;\">\u201cO Procon Caruaru, como integrante da Associa\u00e7\u00e3o de Procons do Brasil, participa da fiscaliza\u00e7\u00e3o integrada com Procons de v\u00e1rias localidades do pa\u00eds, visando dar cumprimento ao Decreto Federal, que tem por objetivo apresentar para o consumidor o pre\u00e7o do combust\u00edvel aplicado pelo estabelecimento no dia 22 de julho de 2022\u201d, ratifica o gerente geral do Procon Caruaru, Nyverson Moura.<\/p>\n<p style=\"text-align: justify;\">De acordo com o Decreto Federal, o posto deve apresentar em painel afixado em local vis\u00edvel e de forma leg\u00edvel, a informa\u00e7\u00e3o dos valores estimados de tributos das mercadorias e dos servi\u00e7os oferecidos. O objetivo \u00e9 que os consumidores possam comparar os pre\u00e7os praticados no posto antes da redu\u00e7\u00e3o dos tributos.<\/p>\n<p style=\"text-align: justify;\">O Minist\u00e9rio da Justi\u00e7a e Seguran\u00e7a P\u00fablica divulgou um link onde consumidores podem fazer den\u00fancias sobre o descumprimento do Decreto 11121\/22: https:\/\/denuncia-combustivel.mj.gov.br\/<\/p>\n<p style=\"text-align: justify;\">Procon Caruaru <br \/>Den\u00fancias por whatsapp: (81) 9 8384-5909<\/p>\n\n\n<figure class=\"wp-block-image size-large\"><img loading=\"lazy\" decoding=\"async\" width=\"1024\" height=\"682\" src=\"https:\/\/blogdoedvaldomagalhaes.com.br\/wp-content\/uploads\/2022\/07\/IMG-20220714-WA0074-1024x682.jpg\" alt=\"\" class=\"wp-image-85295\" srcset=\"https:\/\/blogdoedvaldomagalhaes.com.br\/wp-content\/uploads\/2022\/07\/IMG-20220714-WA0074-1024x682.jpg 1024w, https:\/\/blogdoedvaldomagalhaes.com.br\/wp-content\/uploads\/2022\/07\/IMG-20220714-WA0074-300x200.jpg 300w, https:\/\/blogdoedvaldomagalhaes.com.br\/wp-content\/uploads\/2022\/07\/IMG-20220714-WA0074-768x512.jpg 768w, https:\/\/blogdoedvaldomagalhaes.com.br\/wp-content\/uploads\/2022\/07\/IMG-20220714-WA0074.jpg 1280w\" sizes=\"auto, (max-width: 1024px) 100vw, 1024px\" \/><figcaption>Fotos: Felipe Correia <\/figcaption><\/figure>\n","protected":false},"excerpt":{"rendered":"<p>A equipe de fiscaliza\u00e7\u00e3o da Ger\u00eancia Municipal de Prote\u00e7\u00e3o e Defesa do Consumidor de Caruaru (Procon) est\u00e1, desde a ter\u00e7a-feira&hellip;<\/p>\n","protected":false},"author":1,"featured_media":85294,"comment_status":"open","ping_status":"open","sticky":false,"template":"","format":"standard","meta":{"footnotes":""},"categories":[14120],"tags":[2,19532,3406,25079],"class_list":["post-85293","post","type-post","status-publish","format-standard","has-post-thumbnail","hentry","category-noticias","tag-blog-do-edvaldo-magalhaes","tag-blog-mais-acessado-e-visualizado-de-caruaru-e-regiao","tag-caruaru","tag-procon-caruaru-visita-postos-de-gasolina-e-orienta-sobre-decreto-federal"],"_links":{"self":[{"href":"https:\/\/blogdoedvaldomagalhaes.com.br\/index.php\/wp-json\/wp\/v2\/posts\/85293","targetHints":{"allow":["GET"]}}],"collection":[{"href":"https:\/\/blogdoedvaldomagalhaes.com.br\/index.php\/wp-json\/wp\/v2\/posts"}],"about":[{"href":"https:\/\/blogdoedvaldomagalhaes.com.br\/index.php\/wp-json\/wp\/v2\/types\/post"}],"author":[{"embeddable":true,"href":"https:\/\/blogdoedvaldomagalhaes.com.br\/index.php\/wp-json\/wp\/v2\/users\/1"}],"replies":[{"embeddable":true,"href":"https:\/\/blogdoedvaldomagalhaes.com.br\/index.php\/wp-json\/wp\/v2\/comments?post=85293"}],"version-history":[{"count":1,"href":"https:\/\/blogdoedvaldomagalhaes.com.br\/index.php\/wp-json\/wp\/v2\/posts\/85293\/revisions"}],"predecessor-version":[{"id":85296,"href":"https:\/\/blogdoedvaldomagalhaes.com.br\/index.php\/wp-json\/wp\/v2\/posts\/85293\/revisions\/85296"}],"wp:featuredmedia":[{"embeddable":true,"href":"https:\/\/blogdoedvaldomagalhaes.com.br\/index.php\/wp-json\/wp\/v2\/media\/85294"}],"wp:attachment":[{"href":"https:\/\/blogdoedvaldomagalhaes.com.br\/index.php\/wp-json\/wp\/v2\/media?parent=85293"}],"wp:term":[{"taxonomy":"category","embeddable":true,"href":"https:\/\/blogdoedvaldomagalhaes.com.br\/index.php\/wp-json\/wp\/v2\/categories?post=85293"},{"taxonomy":"post_tag","embeddable":true,"href":"https:\/\/blogdoedvaldomagalhaes.com.br\/index.php\/wp-json\/wp\/v2\/tags?post=85293"}],"curies":[{"name":"wp","href":"https:\/\/api.w.org\/{rel}","templated":true}]}}