{"id":85281,"date":"2022-07-13T23:31:42","date_gmt":"2022-07-14T02:31:42","guid":{"rendered":"https:\/\/blogdoedvaldomagalhaes.com.br\/?p=85281"},"modified":"2022-07-14T08:49:27","modified_gmt":"2022-07-14T11:49:27","slug":"dois-assaltantes-morrem-em-caruaru-um-deles-foi-assassinado-dentro-da-viatura-do-samu","status":"publish","type":"post","link":"https:\/\/blogdoedvaldomagalhaes.com.br\/index.php\/2022\/07\/13\/dois-assaltantes-morrem-em-caruaru-um-deles-foi-assassinado-dentro-da-viatura-do-samu\/","title":{"rendered":"Dois assaltantes morrem em Caruaru: um deles foi assassinado dentro da viatura do SAMU"},"content":{"rendered":"<p style=\"text-align: justify;\">A pol\u00edcia informou que dois homens tomaram um ve\u00edculo de assalto na rua Rui Limeira Rosal, no bairro Petr\u00f3polis, em Caruaru, na noite desta quarta-feira (13), na fuga houve troca de tiros na rua Miguel de Sena, no mesmo bairro, o motorista foi atingido por disparos de arma de fogo e perdeu o controle da dire\u00e7\u00e3o do carro, colidindo em uma mureta, morrendo dentro do ve\u00edculo. O outro assaltante foi atingido por dois tiros no abd\u00f4men, foi socorrido por equipe do SAMU para o Hospital Regional do Agreste, e na entrada do HRA apareceu uma motocicleta, o piloto obrigou a viatura do SAMU parar, mandou os socorristas sa\u00edrem e abriu fogo contra o assaltante, que faleceu dentro da viatura.<\/p>\n<p style=\"text-align: justify;\">O delegado Bruno Vital informou que um terceiro assaltante pode ter participado do caso e teria fugido. Duas armas de fogo foram que estavam com os assaltantes dentro do ve\u00edculo, foram apreendidas.<\/p>\n<p style=\"text-align: justify;\">Os dois assaltantes\u00a0 ainda n\u00e3o foram identificados, o IC \u2013 Instituto de Criminal\u00edstica, periciou os corpos e a equipe da DEAH \u2013 Divis\u00e3o Especial de Apura\u00e7\u00e3o de Homic\u00eddios, colheu v\u00e1rios depoimentos dos socorristas e dos Policiais e encaminhou os corpos para o IML local.\u00a0<\/p>\n\n\n<figure class=\"wp-block-image size-large\"><img loading=\"lazy\" decoding=\"async\" width=\"768\" height=\"1024\" src=\"https:\/\/blogdoedvaldomagalhaes.com.br\/wp-content\/uploads\/2022\/07\/IMG-20220713-WA0228-768x1024.jpg\" alt=\"\" class=\"wp-image-85287\" srcset=\"https:\/\/blogdoedvaldomagalhaes.com.br\/wp-content\/uploads\/2022\/07\/IMG-20220713-WA0228-768x1024.jpg 768w, https:\/\/blogdoedvaldomagalhaes.com.br\/wp-content\/uploads\/2022\/07\/IMG-20220713-WA0228-225x300.jpg 225w, https:\/\/blogdoedvaldomagalhaes.com.br\/wp-content\/uploads\/2022\/07\/IMG-20220713-WA0228-1152x1536.jpg 1152w, https:\/\/blogdoedvaldomagalhaes.com.br\/wp-content\/uploads\/2022\/07\/IMG-20220713-WA0228.jpg 1200w\" sizes=\"auto, (max-width: 768px) 100vw, 768px\" \/><\/figure>\n\n\n\n<figure class=\"wp-block-image size-large\"><img loading=\"lazy\" decoding=\"async\" width=\"1024\" height=\"768\" src=\"https:\/\/blogdoedvaldomagalhaes.com.br\/wp-content\/uploads\/2022\/07\/IMG-20220713-WA0240-1024x768.jpg\" alt=\"\" class=\"wp-image-85288\" srcset=\"https:\/\/blogdoedvaldomagalhaes.com.br\/wp-content\/uploads\/2022\/07\/IMG-20220713-WA0240-1024x768.jpg 1024w, https:\/\/blogdoedvaldomagalhaes.com.br\/wp-content\/uploads\/2022\/07\/IMG-20220713-WA0240-300x225.jpg 300w, https:\/\/blogdoedvaldomagalhaes.com.br\/wp-content\/uploads\/2022\/07\/IMG-20220713-WA0240-768x576.jpg 768w, https:\/\/blogdoedvaldomagalhaes.com.br\/wp-content\/uploads\/2022\/07\/IMG-20220713-WA0240-1536x1152.jpg 1536w, https:\/\/blogdoedvaldomagalhaes.com.br\/wp-content\/uploads\/2022\/07\/IMG-20220713-WA0240-160x120.jpg 160w, https:\/\/blogdoedvaldomagalhaes.com.br\/wp-content\/uploads\/2022\/07\/IMG-20220713-WA0240.jpg 1600w\" sizes=\"auto, (max-width: 1024px) 100vw, 1024px\" \/><\/figure>\n","protected":false},"excerpt":{"rendered":"<p>A pol\u00edcia informou que dois homens tomaram um ve\u00edculo de assalto na rua Rui Limeira Rosal, no bairro Petr\u00f3polis, em&hellip;<\/p>\n","protected":false},"author":1,"featured_media":85282,"comment_status":"open","ping_status":"open","sticky":false,"template":"","format":"standard","meta":{"footnotes":""},"categories":[14121],"tags":[2,19532,3406,25078,5448],"class_list":["post-85281","post","type-post","status-publish","format-standard","has-post-thumbnail","hentry","category-policial","tag-blog-do-edvaldo-magalhaes","tag-blog-mais-acessado-e-visualizado-de-caruaru-e-regiao","tag-caruaru","tag-dois-assaltantes-morrem-em-caruaru-um-deles-foi-assassinado-dentro-de-viatura-do-samu","tag-homicidio"],"_links":{"self":[{"href":"https:\/\/blogdoedvaldomagalhaes.com.br\/index.php\/wp-json\/wp\/v2\/posts\/85281","targetHints":{"allow":["GET"]}}],"collection":[{"href":"https:\/\/blogdoedvaldomagalhaes.com.br\/index.php\/wp-json\/wp\/v2\/posts"}],"about":[{"href":"https:\/\/blogdoedvaldomagalhaes.com.br\/index.php\/wp-json\/wp\/v2\/types\/post"}],"author":[{"embeddable":true,"href":"https:\/\/blogdoedvaldomagalhaes.com.br\/index.php\/wp-json\/wp\/v2\/users\/1"}],"replies":[{"embeddable":true,"href":"https:\/\/blogdoedvaldomagalhaes.com.br\/index.php\/wp-json\/wp\/v2\/comments?post=85281"}],"version-history":[{"count":5,"href":"https:\/\/blogdoedvaldomagalhaes.com.br\/index.php\/wp-json\/wp\/v2\/posts\/85281\/revisions"}],"predecessor-version":[{"id":85292,"href":"https:\/\/blogdoedvaldomagalhaes.com.br\/index.php\/wp-json\/wp\/v2\/posts\/85281\/revisions\/85292"}],"wp:featuredmedia":[{"embeddable":true,"href":"https:\/\/blogdoedvaldomagalhaes.com.br\/index.php\/wp-json\/wp\/v2\/media\/85282"}],"wp:attachment":[{"href":"https:\/\/blogdoedvaldomagalhaes.com.br\/index.php\/wp-json\/wp\/v2\/media?parent=85281"}],"wp:term":[{"taxonomy":"category","embeddable":true,"href":"https:\/\/blogdoedvaldomagalhaes.com.br\/index.php\/wp-json\/wp\/v2\/categories?post=85281"},{"taxonomy":"post_tag","embeddable":true,"href":"https:\/\/blogdoedvaldomagalhaes.com.br\/index.php\/wp-json\/wp\/v2\/tags?post=85281"}],"curies":[{"name":"wp","href":"https:\/\/api.w.org\/{rel}","templated":true}]}}