{"id":85278,"date":"2022-07-13T20:15:22","date_gmt":"2022-07-13T23:15:22","guid":{"rendered":"https:\/\/blogdoedvaldomagalhaes.com.br\/?p=85278"},"modified":"2022-07-13T20:15:24","modified_gmt":"2022-07-13T23:15:24","slug":"lessa-lidera-acoes-em-favor-dos-conselheiros-tutelares-em-caruaru","status":"publish","type":"post","link":"https:\/\/blogdoedvaldomagalhaes.com.br\/index.php\/2022\/07\/13\/lessa-lidera-acoes-em-favor-dos-conselheiros-tutelares-em-caruaru\/","title":{"rendered":"Lessa lidera a\u00e7\u00f5es em favor dos conselheiros tutelares em Caruaru"},"content":{"rendered":"<p style=\"text-align: justify;\"><span style=\"font-size: inherit;\">Atrav\u00e9s de articula\u00e7\u00e3o do deputado estadual Erick Lessa, conselheiros tutelares de Caruaru se reuniram com representantes do Poder Judici\u00e1rio, do Minist\u00e9rio P\u00fablico e das for\u00e7as de seguran\u00e7a para alinhar a\u00e7\u00f5es conjuntas e estrat\u00e9gicas, visando ao fortalecimento da rede de prote\u00e7\u00e3o \u00e0 inf\u00e2ncia. A reuni\u00e3o ocorreu nesta quarta-feira (13), quando o Estatuto da Crian\u00e7a e do Adolescente (ECA) completa 32 anos.<\/span><\/p>\n<p style=\"text-align: justify;\">Na ocasi\u00e3o, os conselheiros relataram o processo de trabalho e enfatizaram as atribui\u00e7\u00f5es do \u00f3rg\u00e3o, no sentido de otimizar a garantia dos direitos \u00e0 popula\u00e7\u00e3o infantil. Em conformidade com o ECA, o Conselho Tutelar deve atender crian\u00e7as, pais e respons\u00e1veis, e encaminhar casos a autoridades respons\u00e1veis, entre outras atribui\u00e7\u00f5es.<\/p>\n<p style=\"text-align: justify;\">\u201cN\u00f3s reconhecemos e valorizamos o papel do Conselho Tutelar para que nossas crian\u00e7as tenham acesso aos direitos fundamentais. \u00c9 preciso otimizar a sistem\u00e1tica de trabalho e oferecer melhores condi\u00e7\u00f5es a esses profissionais, em sintonia com os demais atores da rede de prote\u00e7\u00e3o integral \u00e0s crian\u00e7as\u201d, avaliou Lessa.<\/p>\n<p style=\"text-align: justify;\">Participaram da atividade o juiz da Vara da Inf\u00e2ncia e Juventude, Jos\u00e9 Fernando; a promotora de Justi\u00e7a da Inf\u00e2ncia e Juventude, S\u00edlvia Am\u00e9lia; o delegado de Pol\u00edcia Civil Bruno Vital; e v\u00e1rios conselheiros tutelares do munic\u00edpio.<\/p>\n<p style=\"text-align: justify;\"><strong>A\u00e7\u00f5es<\/strong><br \/>\nComprometido com a causa, o deputado Lessa vem lutando pela constru\u00e7\u00e3o da Delegacia da Crian\u00e7a e do Adolescente e do Centro Integrado da Crian\u00e7a e do Adolescente em Caruaru. Erick Lessa ainda vem dando voz aos conselheiros tutelares do estado. Inclusive, promoveu recentemente um encontro na Assembleia Legislativa que contou com a participa\u00e7\u00e3o de profissionais de mais de 30 munic\u00edpios, no prop\u00f3sito de lutar pela implementa\u00e7\u00e3o do Piso Nacional Salarial dos Conselheiros Tutelares.<\/p>\n<p style=\"text-align: justify;\">Foto: Viliane Gomes<\/p>\n","protected":false},"excerpt":{"rendered":"<p>Atrav\u00e9s de articula\u00e7\u00e3o do deputado estadual Erick Lessa, conselheiros tutelares de Caruaru se reuniram com representantes do Poder Judici\u00e1rio, do&hellip;<\/p>\n","protected":false},"author":1,"featured_media":85279,"comment_status":"open","ping_status":"open","sticky":false,"template":"","format":"standard","meta":{"footnotes":""},"categories":[14122],"tags":[2,19532,3406,25077],"class_list":["post-85278","post","type-post","status-publish","format-standard","has-post-thumbnail","hentry","category-politica","tag-blog-do-edvaldo-magalhaes","tag-blog-mais-acessado-e-visualizado-de-caruaru-e-regiao","tag-caruaru","tag-lessa-lidera-acoes-em-favor-dos-conselheiros-tutelares-em-caruaru"],"_links":{"self":[{"href":"https:\/\/blogdoedvaldomagalhaes.com.br\/index.php\/wp-json\/wp\/v2\/posts\/85278","targetHints":{"allow":["GET"]}}],"collection":[{"href":"https:\/\/blogdoedvaldomagalhaes.com.br\/index.php\/wp-json\/wp\/v2\/posts"}],"about":[{"href":"https:\/\/blogdoedvaldomagalhaes.com.br\/index.php\/wp-json\/wp\/v2\/types\/post"}],"author":[{"embeddable":true,"href":"https:\/\/blogdoedvaldomagalhaes.com.br\/index.php\/wp-json\/wp\/v2\/users\/1"}],"replies":[{"embeddable":true,"href":"https:\/\/blogdoedvaldomagalhaes.com.br\/index.php\/wp-json\/wp\/v2\/comments?post=85278"}],"version-history":[{"count":1,"href":"https:\/\/blogdoedvaldomagalhaes.com.br\/index.php\/wp-json\/wp\/v2\/posts\/85278\/revisions"}],"predecessor-version":[{"id":85280,"href":"https:\/\/blogdoedvaldomagalhaes.com.br\/index.php\/wp-json\/wp\/v2\/posts\/85278\/revisions\/85280"}],"wp:featuredmedia":[{"embeddable":true,"href":"https:\/\/blogdoedvaldomagalhaes.com.br\/index.php\/wp-json\/wp\/v2\/media\/85279"}],"wp:attachment":[{"href":"https:\/\/blogdoedvaldomagalhaes.com.br\/index.php\/wp-json\/wp\/v2\/media?parent=85278"}],"wp:term":[{"taxonomy":"category","embeddable":true,"href":"https:\/\/blogdoedvaldomagalhaes.com.br\/index.php\/wp-json\/wp\/v2\/categories?post=85278"},{"taxonomy":"post_tag","embeddable":true,"href":"https:\/\/blogdoedvaldomagalhaes.com.br\/index.php\/wp-json\/wp\/v2\/tags?post=85278"}],"curies":[{"name":"wp","href":"https:\/\/api.w.org\/{rel}","templated":true}]}}