{"id":85273,"date":"2022-07-13T19:43:10","date_gmt":"2022-07-13T22:43:10","guid":{"rendered":"https:\/\/blogdoedvaldomagalhaes.com.br\/?p=85273"},"modified":"2022-07-13T19:57:17","modified_gmt":"2022-07-13T22:57:17","slug":"pernambuco-notifica-mais-um-caso-suspeito-de-variola-dos-macacos","status":"publish","type":"post","link":"https:\/\/blogdoedvaldomagalhaes.com.br\/index.php\/2022\/07\/13\/pernambuco-notifica-mais-um-caso-suspeito-de-variola-dos-macacos\/","title":{"rendered":"Pernambuco notifica mais um caso suspeito de var\u00edola dos macacos"},"content":{"rendered":"<div style=\"text-align: justify;\"><span style=\"font-family: verdana, sans-serif;\"><span style=\"font-family: verdana, sans-serif;\">A Secretaria Estadual de Sa\u00fade (SES-PE) foi notificada, na manh\u00e3 desta quarta-feira (13\/07), de mais um caso suspeito de monkeypox (var\u00edola dos macacos). Trata-se de um homem de 25 anos de idade, residente no munic\u00edpio de Abreu e Lima, na Regi\u00e3o Metropolitana do Recife. O paciente est\u00e1 em isolamento domiciliar e a SES-PE, junto ao munic\u00edpio, j\u00e1 iniciou a investiga\u00e7\u00e3o epidemiol\u00f3gica e coleta de exames. Com o novo registro, Pernambuco contabiliza, at\u00e9 o momento, cinco notifica\u00e7\u00f5es da doen\u00e7a, sendo quatro casos em investiga\u00e7\u00e3o (incluindo o de hoje) e um caso importado confirmado.<\/span><\/span>\n<p>As amostras coletadas dos pacientes ser\u00e3o encaminhadas para o Laborat\u00f3rio de Enterov\u00edrus da Fiocruz\/RJ, refer\u00eancia nacional para o diagn\u00f3stico da Monkeypox. O Laborat\u00f3rio Central de Sa\u00fade P\u00fablica de Pernambuco (Lacen-PE) tamb\u00e9m realizar\u00e1 a investiga\u00e7\u00e3o. Dos quatro casos suspeitos, tr\u00eas s\u00e3o residentes em Pernambuco, dos munic\u00edpios de Jaboat\u00e3o dos Guararapes (1), Recife (1) e Abreu e Lima (1). Al\u00e9m disso, h\u00e1, ainda, um caso de um paciente morador do estado do Rio de Janeiro. As faixas et\u00e1rias s\u00e3o: 20 a 29 (3) e 40 a 49 (1). Todos tiveram contato direto com pessoas provenientes de locais onde h\u00e1 circula\u00e7\u00e3o comunit\u00e1ria da doen\u00e7a ou visitaram tais localidades. Tr\u00eas pacientes est\u00e3o em isolamento domiciliar e um est\u00e1 internado em unidade hospitalar da rede privada.<\/p>\n<p>O primeiro caso importado da doen\u00e7a, confirmado nessa ter\u00e7a-feira (12\/07), envolve um morador de S\u00e3o Paulo e, por isso, ser\u00e1 registrado pelo estado de origem. Por enquanto, Pernambuco n\u00e3o registra transmiss\u00e3o local da monkeypox, pois todos os casos notificados possuem hist\u00f3rico de viagens para o exterior e\/ou para estados brasileiros que j\u00e1 confirmaram dissemina\u00e7\u00e3o comunit\u00e1ria.<\/p>\n<p>Cr\u00e9dito: Berkay Ataseven\/istock<\/p>\n<\/div>\n\n\n<p><\/p>\n","protected":false},"excerpt":{"rendered":"<p>A Secretaria Estadual de Sa\u00fade (SES-PE) foi notificada, na manh\u00e3 desta quarta-feira (13\/07), de mais um caso suspeito de monkeypox&hellip;<\/p>\n","protected":false},"author":1,"featured_media":85275,"comment_status":"open","ping_status":"open","sticky":false,"template":"","format":"standard","meta":{"footnotes":""},"categories":[14120],"tags":[2,19532,3406,25076],"class_list":["post-85273","post","type-post","status-publish","format-standard","has-post-thumbnail","hentry","category-noticias","tag-blog-do-edvaldo-magalhaes","tag-blog-mais-acessado-e-visualizado-de-caruaru-e-regiao","tag-caruaru","tag-pernambuco-notifica-mais-um-caso-suspeito-de-variola-dos-macacos"],"_links":{"self":[{"href":"https:\/\/blogdoedvaldomagalhaes.com.br\/index.php\/wp-json\/wp\/v2\/posts\/85273","targetHints":{"allow":["GET"]}}],"collection":[{"href":"https:\/\/blogdoedvaldomagalhaes.com.br\/index.php\/wp-json\/wp\/v2\/posts"}],"about":[{"href":"https:\/\/blogdoedvaldomagalhaes.com.br\/index.php\/wp-json\/wp\/v2\/types\/post"}],"author":[{"embeddable":true,"href":"https:\/\/blogdoedvaldomagalhaes.com.br\/index.php\/wp-json\/wp\/v2\/users\/1"}],"replies":[{"embeddable":true,"href":"https:\/\/blogdoedvaldomagalhaes.com.br\/index.php\/wp-json\/wp\/v2\/comments?post=85273"}],"version-history":[{"count":3,"href":"https:\/\/blogdoedvaldomagalhaes.com.br\/index.php\/wp-json\/wp\/v2\/posts\/85273\/revisions"}],"predecessor-version":[{"id":85277,"href":"https:\/\/blogdoedvaldomagalhaes.com.br\/index.php\/wp-json\/wp\/v2\/posts\/85273\/revisions\/85277"}],"wp:featuredmedia":[{"embeddable":true,"href":"https:\/\/blogdoedvaldomagalhaes.com.br\/index.php\/wp-json\/wp\/v2\/media\/85275"}],"wp:attachment":[{"href":"https:\/\/blogdoedvaldomagalhaes.com.br\/index.php\/wp-json\/wp\/v2\/media?parent=85273"}],"wp:term":[{"taxonomy":"category","embeddable":true,"href":"https:\/\/blogdoedvaldomagalhaes.com.br\/index.php\/wp-json\/wp\/v2\/categories?post=85273"},{"taxonomy":"post_tag","embeddable":true,"href":"https:\/\/blogdoedvaldomagalhaes.com.br\/index.php\/wp-json\/wp\/v2\/tags?post=85273"}],"curies":[{"name":"wp","href":"https:\/\/api.w.org\/{rel}","templated":true}]}}