{"id":85269,"date":"2022-07-13T18:45:08","date_gmt":"2022-07-13T21:45:08","guid":{"rendered":"https:\/\/blogdoedvaldomagalhaes.com.br\/?p=85269"},"modified":"2022-07-13T18:45:15","modified_gmt":"2022-07-13T21:45:15","slug":"carros-roubados-sao-recuperados-durante-operacao-da-prf","status":"publish","type":"post","link":"https:\/\/blogdoedvaldomagalhaes.com.br\/index.php\/2022\/07\/13\/carros-roubados-sao-recuperados-durante-operacao-da-prf\/","title":{"rendered":"Carros roubados s\u00e3o recuperados durante opera\u00e7\u00e3o da PRF"},"content":{"rendered":"<p style=\"text-align: justify;\"><span style=\"font-size: inherit;\">Dois carros roubados foram recuperados nesta quarta-feira (13), durante a Opera\u00e7\u00e3o Nordeste Seguro da Pol\u00edcia Rodovi\u00e1ria Federal (PRF), em Garanhuns, no Agreste de Pernambuco. Tr\u00eas homens que estavam nos ve\u00edculos foram detidos nas a\u00e7\u00f5es.<\/span><\/p>\n<p style=\"text-align: justify;\">O primeiro carro foi recuperado ap\u00f3s o motorista desobedecer a ordem de parada dos policiais e jogar outros ve\u00edculos para fora da pista. Durante a abordagem na \u00e1rea urbana do munic\u00edpio, foi constatado que o ve\u00edculo portava placas clonadas e havia sido roubado em fevereiro, no Recife.<\/p>\n<p style=\"text-align: justify;\">O outro carro era ocupado por dois homens que foram abordados no Km 94 da BR 423. Eles portavam um celular com registro de roubo e o ve\u00edculo havia sido roubado em dezembro do ano passado no bairro do Ibura, tamb\u00e9m no Recife.<\/p>\n<p style=\"text-align: justify;\">Em consulta, a equipe tamb\u00e9m descobriu que o passageiro possu\u00eda passagem na pol\u00edcia por porte ilegal de arma de fogo. Os tr\u00eas homens e os carros foram encaminhados \u00e0 Delegacia de Pol\u00edcia Civil de Garanhuns.<\/p>\n\n\n<figure class=\"wp-block-image size-large\"><img loading=\"lazy\" decoding=\"async\" width=\"719\" height=\"694\" src=\"https:\/\/blogdoedvaldomagalhaes.com.br\/wp-content\/uploads\/2022\/07\/IMG-20220713-WA0178.jpg\" alt=\"\" class=\"wp-image-85271\" srcset=\"https:\/\/blogdoedvaldomagalhaes.com.br\/wp-content\/uploads\/2022\/07\/IMG-20220713-WA0178.jpg 719w, https:\/\/blogdoedvaldomagalhaes.com.br\/wp-content\/uploads\/2022\/07\/IMG-20220713-WA0178-300x290.jpg 300w\" sizes=\"auto, (max-width: 719px) 100vw, 719px\" \/><figcaption>Fotos: Divulga\u00e7\u00e3o\/PRF<\/figcaption><\/figure>\n","protected":false},"excerpt":{"rendered":"<p>Dois carros roubados foram recuperados nesta quarta-feira (13), durante a Opera\u00e7\u00e3o Nordeste Seguro da Pol\u00edcia Rodovi\u00e1ria Federal (PRF), em Garanhuns,&hellip;<\/p>\n","protected":false},"author":1,"featured_media":85270,"comment_status":"open","ping_status":"open","sticky":false,"template":"","format":"standard","meta":{"footnotes":""},"categories":[14121],"tags":[2,19532,25075,3406,2278,287],"class_list":["post-85269","post","type-post","status-publish","format-standard","has-post-thumbnail","hentry","category-policial","tag-blog-do-edvaldo-magalhaes","tag-blog-mais-acessado-e-visualizado-de-caruaru-e-regiao","tag-carros-roubados-sao-recuperados-durante-operacao-da-prf","tag-caruaru","tag-policia-rodoviaria-federal","tag-prf"],"_links":{"self":[{"href":"https:\/\/blogdoedvaldomagalhaes.com.br\/index.php\/wp-json\/wp\/v2\/posts\/85269","targetHints":{"allow":["GET"]}}],"collection":[{"href":"https:\/\/blogdoedvaldomagalhaes.com.br\/index.php\/wp-json\/wp\/v2\/posts"}],"about":[{"href":"https:\/\/blogdoedvaldomagalhaes.com.br\/index.php\/wp-json\/wp\/v2\/types\/post"}],"author":[{"embeddable":true,"href":"https:\/\/blogdoedvaldomagalhaes.com.br\/index.php\/wp-json\/wp\/v2\/users\/1"}],"replies":[{"embeddable":true,"href":"https:\/\/blogdoedvaldomagalhaes.com.br\/index.php\/wp-json\/wp\/v2\/comments?post=85269"}],"version-history":[{"count":1,"href":"https:\/\/blogdoedvaldomagalhaes.com.br\/index.php\/wp-json\/wp\/v2\/posts\/85269\/revisions"}],"predecessor-version":[{"id":85272,"href":"https:\/\/blogdoedvaldomagalhaes.com.br\/index.php\/wp-json\/wp\/v2\/posts\/85269\/revisions\/85272"}],"wp:featuredmedia":[{"embeddable":true,"href":"https:\/\/blogdoedvaldomagalhaes.com.br\/index.php\/wp-json\/wp\/v2\/media\/85270"}],"wp:attachment":[{"href":"https:\/\/blogdoedvaldomagalhaes.com.br\/index.php\/wp-json\/wp\/v2\/media?parent=85269"}],"wp:term":[{"taxonomy":"category","embeddable":true,"href":"https:\/\/blogdoedvaldomagalhaes.com.br\/index.php\/wp-json\/wp\/v2\/categories?post=85269"},{"taxonomy":"post_tag","embeddable":true,"href":"https:\/\/blogdoedvaldomagalhaes.com.br\/index.php\/wp-json\/wp\/v2\/tags?post=85269"}],"curies":[{"name":"wp","href":"https:\/\/api.w.org\/{rel}","templated":true}]}}