{"id":85262,"date":"2022-07-13T16:55:22","date_gmt":"2022-07-13T19:55:22","guid":{"rendered":"https:\/\/blogdoedvaldomagalhaes.com.br\/?p=85262"},"modified":"2022-07-13T16:55:27","modified_gmt":"2022-07-13T19:55:27","slug":"dilson-oliveira-e-douglas-cintra-lancam-pre-candidaturas-nesta-sexta-feira-15","status":"publish","type":"post","link":"https:\/\/blogdoedvaldomagalhaes.com.br\/index.php\/2022\/07\/13\/dilson-oliveira-e-douglas-cintra-lancam-pre-candidaturas-nesta-sexta-feira-15\/","title":{"rendered":"Dilson Oliveira e Douglas Cintra lan\u00e7am pr\u00e9-candidaturas nesta sexta-feira (15)"},"content":{"rendered":"<p style=\"text-align: justify;\"><span style=\"font-size: inherit;\">Nesta sexta-feira (15) o pr\u00e9-candidato ao Governo de Pernambuco Miguel Coelho (Uni\u00e3o Brasil), e a pr\u00e9-candidata a Vice-govenadora, Alessandra Vieira, estar\u00e3o em Caruaru, para oficializar o apoio a pr\u00e9-candidatura de Dilson Oliveira (Uni\u00e3o Brasil) para deputado estadual e de Douglas Cintra (Podemos), pr\u00e9-candidato a deputado federal.<\/span><\/p>\n<p style=\"text-align: justify;\">A solenidade ser\u00e1 realizada no Maria Jos\u00e9 Recep\u00e7\u00f5es I, \u00e0s 18:30.<br \/>\nV\u00e1rias lideran\u00e7as j\u00e1 confirmaram presen\u00e7a no evento, entre elas o senador por Pernambuco, Fernando Bezerra Coelho.<\/p>\n<p style=\"text-align: justify;\">\u201cDilson Oliveira e Douglas Cintra representam o sentimento de transforma\u00e7\u00e3o e mudan\u00e7a que queremos no Agreste do estado.\u201d, afirma Miguel Coelho.<\/p>\n<p style=\"text-align: justify;\">Foto: Divulga\u00e7\u00e3o.<\/p>\n","protected":false},"excerpt":{"rendered":"<p>Nesta sexta-feira (15) o pr\u00e9-candidato ao Governo de Pernambuco Miguel Coelho (Uni\u00e3o Brasil), e a pr\u00e9-candidata a Vice-govenadora, Alessandra Vieira,&hellip;<\/p>\n","protected":false},"author":1,"featured_media":85263,"comment_status":"open","ping_status":"open","sticky":false,"template":"","format":"standard","meta":{"footnotes":""},"categories":[14122],"tags":[2,19532,3406,25073,20],"class_list":["post-85262","post","type-post","status-publish","format-standard","has-post-thumbnail","hentry","category-politica","tag-blog-do-edvaldo-magalhaes","tag-blog-mais-acessado-e-visualizado-de-caruaru-e-regiao","tag-caruaru","tag-dilson-oliveira-e-douglas-cintra-lancam-pre-candidaturas-nesta-sexta-feira-15","tag-politica"],"_links":{"self":[{"href":"https:\/\/blogdoedvaldomagalhaes.com.br\/index.php\/wp-json\/wp\/v2\/posts\/85262","targetHints":{"allow":["GET"]}}],"collection":[{"href":"https:\/\/blogdoedvaldomagalhaes.com.br\/index.php\/wp-json\/wp\/v2\/posts"}],"about":[{"href":"https:\/\/blogdoedvaldomagalhaes.com.br\/index.php\/wp-json\/wp\/v2\/types\/post"}],"author":[{"embeddable":true,"href":"https:\/\/blogdoedvaldomagalhaes.com.br\/index.php\/wp-json\/wp\/v2\/users\/1"}],"replies":[{"embeddable":true,"href":"https:\/\/blogdoedvaldomagalhaes.com.br\/index.php\/wp-json\/wp\/v2\/comments?post=85262"}],"version-history":[{"count":1,"href":"https:\/\/blogdoedvaldomagalhaes.com.br\/index.php\/wp-json\/wp\/v2\/posts\/85262\/revisions"}],"predecessor-version":[{"id":85264,"href":"https:\/\/blogdoedvaldomagalhaes.com.br\/index.php\/wp-json\/wp\/v2\/posts\/85262\/revisions\/85264"}],"wp:featuredmedia":[{"embeddable":true,"href":"https:\/\/blogdoedvaldomagalhaes.com.br\/index.php\/wp-json\/wp\/v2\/media\/85263"}],"wp:attachment":[{"href":"https:\/\/blogdoedvaldomagalhaes.com.br\/index.php\/wp-json\/wp\/v2\/media?parent=85262"}],"wp:term":[{"taxonomy":"category","embeddable":true,"href":"https:\/\/blogdoedvaldomagalhaes.com.br\/index.php\/wp-json\/wp\/v2\/categories?post=85262"},{"taxonomy":"post_tag","embeddable":true,"href":"https:\/\/blogdoedvaldomagalhaes.com.br\/index.php\/wp-json\/wp\/v2\/tags?post=85262"}],"curies":[{"name":"wp","href":"https:\/\/api.w.org\/{rel}","templated":true}]}}