{"id":85252,"date":"2022-07-13T15:00:31","date_gmt":"2022-07-13T18:00:31","guid":{"rendered":"https:\/\/blogdoedvaldomagalhaes.com.br\/?p=85252"},"modified":"2022-07-13T15:10:09","modified_gmt":"2022-07-13T18:10:09","slug":"vereador-irmao-ronaldo-participa-da-entrega-de-tratores-para-agricultores-emenda-do-deputado-wolney-queiroz","status":"publish","type":"post","link":"https:\/\/blogdoedvaldomagalhaes.com.br\/index.php\/2022\/07\/13\/vereador-irmao-ronaldo-participa-da-entrega-de-tratores-para-agricultores-emenda-do-deputado-wolney-queiroz\/","title":{"rendered":"Vereador Irm\u00e3o Ronaldo participa da entrega de tratores para agricultores, emenda do deputado Wolney Queiroz"},"content":{"rendered":"<p style=\"text-align: justify;\">O vereador Irm\u00e3o Ronaldo, aniversariante do dia, participou da entrega de nove tratores com outros equipamentos aos agricultores, na manh\u00e3 desta quarta-feira (13), na Casa do Tralhador, atrav\u00e9s de emenda do deputado federal Wolney Queiroz.<\/p>\n<p style=\"text-align: justify;\">&#8220;Estou muito feliz em participar da entrega dos nove tratores; nove carretas e nove arados hidr\u00e1ulicos, para os agricultores de Caruaru, e que foram distribu\u00eddos nas associa\u00e7\u00f5es da zona rural da cidade. Promessa cumprida pelo deputado Wolney Queiroz&#8221;, concluiu Irm\u00e3o Ronaldo.<\/p>\n\n\n<figure class=\"wp-block-image size-large\"><img loading=\"lazy\" decoding=\"async\" width=\"1024\" height=\"768\" src=\"https:\/\/blogdoedvaldomagalhaes.com.br\/wp-content\/uploads\/2022\/07\/IMG-20220713-WA0058-1024x768.jpg\" alt=\"\" class=\"wp-image-85254\" srcset=\"https:\/\/blogdoedvaldomagalhaes.com.br\/wp-content\/uploads\/2022\/07\/IMG-20220713-WA0058-1024x768.jpg 1024w, https:\/\/blogdoedvaldomagalhaes.com.br\/wp-content\/uploads\/2022\/07\/IMG-20220713-WA0058-300x225.jpg 300w, https:\/\/blogdoedvaldomagalhaes.com.br\/wp-content\/uploads\/2022\/07\/IMG-20220713-WA0058-768x576.jpg 768w, https:\/\/blogdoedvaldomagalhaes.com.br\/wp-content\/uploads\/2022\/07\/IMG-20220713-WA0058-160x120.jpg 160w, https:\/\/blogdoedvaldomagalhaes.com.br\/wp-content\/uploads\/2022\/07\/IMG-20220713-WA0058.jpg 1280w\" sizes=\"auto, (max-width: 1024px) 100vw, 1024px\" \/><\/figure>\n\n\n\n<figure class=\"wp-block-image size-large\"><img loading=\"lazy\" decoding=\"async\" width=\"1024\" height=\"577\" src=\"https:\/\/blogdoedvaldomagalhaes.com.br\/wp-content\/uploads\/2022\/07\/IMG-20220713-WA0073-1024x577.jpg\" alt=\"\" class=\"wp-image-85256\" srcset=\"https:\/\/blogdoedvaldomagalhaes.com.br\/wp-content\/uploads\/2022\/07\/IMG-20220713-WA0073-1024x577.jpg 1024w, https:\/\/blogdoedvaldomagalhaes.com.br\/wp-content\/uploads\/2022\/07\/IMG-20220713-WA0073-300x169.jpg 300w, https:\/\/blogdoedvaldomagalhaes.com.br\/wp-content\/uploads\/2022\/07\/IMG-20220713-WA0073-768x432.jpg 768w, https:\/\/blogdoedvaldomagalhaes.com.br\/wp-content\/uploads\/2022\/07\/IMG-20220713-WA0073-1140x641.jpg 1140w, https:\/\/blogdoedvaldomagalhaes.com.br\/wp-content\/uploads\/2022\/07\/IMG-20220713-WA0073-720x405.jpg 720w, https:\/\/blogdoedvaldomagalhaes.com.br\/wp-content\/uploads\/2022\/07\/IMG-20220713-WA0073.jpg 1156w\" sizes=\"auto, (max-width: 1024px) 100vw, 1024px\" \/><\/figure>\n\n\n\n<figure class=\"wp-block-image size-large\"><img loading=\"lazy\" decoding=\"async\" width=\"1024\" height=\"768\" src=\"https:\/\/blogdoedvaldomagalhaes.com.br\/wp-content\/uploads\/2022\/07\/IMG-20220713-WA0060-1024x768.jpg\" alt=\"\" class=\"wp-image-85258\" srcset=\"https:\/\/blogdoedvaldomagalhaes.com.br\/wp-content\/uploads\/2022\/07\/IMG-20220713-WA0060-1024x768.jpg 1024w, https:\/\/blogdoedvaldomagalhaes.com.br\/wp-content\/uploads\/2022\/07\/IMG-20220713-WA0060-300x225.jpg 300w, https:\/\/blogdoedvaldomagalhaes.com.br\/wp-content\/uploads\/2022\/07\/IMG-20220713-WA0060-768x576.jpg 768w, https:\/\/blogdoedvaldomagalhaes.com.br\/wp-content\/uploads\/2022\/07\/IMG-20220713-WA0060-160x120.jpg 160w, https:\/\/blogdoedvaldomagalhaes.com.br\/wp-content\/uploads\/2022\/07\/IMG-20220713-WA0060.jpg 1156w\" sizes=\"auto, (max-width: 1024px) 100vw, 1024px\" \/><\/figure>\n","protected":false},"excerpt":{"rendered":"<p>O vereador Irm\u00e3o Ronaldo, aniversariante do dia, participou da entrega de nove tratores com outros equipamentos aos agricultores, na manh\u00e3&hellip;<\/p>\n","protected":false},"author":1,"featured_media":85253,"comment_status":"open","ping_status":"open","sticky":false,"template":"","format":"standard","meta":{"footnotes":""},"categories":[14122],"tags":[2,19532,3406,20,25072],"class_list":["post-85252","post","type-post","status-publish","format-standard","has-post-thumbnail","hentry","category-politica","tag-blog-do-edvaldo-magalhaes","tag-blog-mais-acessado-e-visualizado-de-caruaru-e-regiao","tag-caruaru","tag-politica","tag-vereador-irmao-ronaldo-participa-da-entrega-de-tratores-para-agricultores-emenda-do-deputado-wolney-queiroz"],"_links":{"self":[{"href":"https:\/\/blogdoedvaldomagalhaes.com.br\/index.php\/wp-json\/wp\/v2\/posts\/85252","targetHints":{"allow":["GET"]}}],"collection":[{"href":"https:\/\/blogdoedvaldomagalhaes.com.br\/index.php\/wp-json\/wp\/v2\/posts"}],"about":[{"href":"https:\/\/blogdoedvaldomagalhaes.com.br\/index.php\/wp-json\/wp\/v2\/types\/post"}],"author":[{"embeddable":true,"href":"https:\/\/blogdoedvaldomagalhaes.com.br\/index.php\/wp-json\/wp\/v2\/users\/1"}],"replies":[{"embeddable":true,"href":"https:\/\/blogdoedvaldomagalhaes.com.br\/index.php\/wp-json\/wp\/v2\/comments?post=85252"}],"version-history":[{"count":3,"href":"https:\/\/blogdoedvaldomagalhaes.com.br\/index.php\/wp-json\/wp\/v2\/posts\/85252\/revisions"}],"predecessor-version":[{"id":85261,"href":"https:\/\/blogdoedvaldomagalhaes.com.br\/index.php\/wp-json\/wp\/v2\/posts\/85252\/revisions\/85261"}],"wp:featuredmedia":[{"embeddable":true,"href":"https:\/\/blogdoedvaldomagalhaes.com.br\/index.php\/wp-json\/wp\/v2\/media\/85253"}],"wp:attachment":[{"href":"https:\/\/blogdoedvaldomagalhaes.com.br\/index.php\/wp-json\/wp\/v2\/media?parent=85252"}],"wp:term":[{"taxonomy":"category","embeddable":true,"href":"https:\/\/blogdoedvaldomagalhaes.com.br\/index.php\/wp-json\/wp\/v2\/categories?post=85252"},{"taxonomy":"post_tag","embeddable":true,"href":"https:\/\/blogdoedvaldomagalhaes.com.br\/index.php\/wp-json\/wp\/v2\/tags?post=85252"}],"curies":[{"name":"wp","href":"https:\/\/api.w.org\/{rel}","templated":true}]}}