{"id":85244,"date":"2022-07-12T20:46:42","date_gmt":"2022-07-12T23:46:42","guid":{"rendered":"https:\/\/blogdoedvaldomagalhaes.com.br\/?p=85244"},"modified":"2022-07-12T20:46:43","modified_gmt":"2022-07-12T23:46:43","slug":"pernambuco-confirma-caso-importado-da-variola-dos-macacos","status":"publish","type":"post","link":"https:\/\/blogdoedvaldomagalhaes.com.br\/index.php\/2022\/07\/12\/pernambuco-confirma-caso-importado-da-variola-dos-macacos\/","title":{"rendered":"Pernambuco confirma caso importado da var\u00edola dos macacos"},"content":{"rendered":"<div style=\"text-align: justify;\"><span style=\"font-family: verdana, sans-serif;\">A Secretaria Estadual de Sa\u00fade (SES-PE) foi notificada, nesta ter\u00e7a-feira (12\/07), de mais tr\u00eas casos suspeitos da var\u00edola dos macacos (monkeypox). At\u00e9 o momento, o Estado recebeu quatro notifica\u00e7\u00f5es da doen\u00e7a e confirmou um caso importado, de um morador de S\u00e3o Paulo.<br \/>\n<\/span><\/div>\n<div style=\"text-align: justify;\"><span style=\"font-family: verdana, sans-serif;\"><br \/>\nApesar do caso confirmado, Pernambuco n\u00e3o registra transmiss\u00e3o local da var\u00edola dos macacos, pois todos os casos notificados possuem hist\u00f3rico de viagens para o exterior e\/ou para estados brasileiros que j\u00e1 confirmaram dissemina\u00e7\u00e3o comunit\u00e1ria.<\/p>\n<p>Sobre os tr\u00eas novos casos suspeitos (3 do sexo masculino), j\u00e1 foi iniciada a investiga\u00e7\u00e3o epidemiol\u00f3gica para coleta de exames. As amostras coletadas ser\u00e3o encaminhadas para o Laborat\u00f3rio de Enterov\u00edrus da Fiocruz\/RJ, refer\u00eancia para o diagn\u00f3stico da Monkeypox e o Laborat\u00f3rio Central de Sa\u00fade P\u00fablica de Pernambuco (Lacen-PE) tamb\u00e9m realizar\u00e1 investiga\u00e7\u00e3o.<\/p>\n<p>Dois deles s\u00e3o residentes do Estado de Pernambuco, dos munic\u00edpios de Jaboat\u00e3o dos Guararapes (1), Recife (1) e (1) do Estado do Rio de Janeiro. As faixas et\u00e1rias s\u00e3o: 20 a 29 (2) e 40 a 49 (1). Dois tiveram contato direto com pessoas provenientes da \u00c1frica e Europa; e um deles realizou viagem recente a S\u00e3o Paulo. Dois encontram-se em isolamento domiciliar e um est\u00e1 isolado em unidade hospitalar da rede privada.<\/p>\n<p>Com rela\u00e7\u00e3o ao caso confirmado da doen\u00e7a, a ocorr\u00eancia envolve um morador de S\u00e3o Paulo e a confirma\u00e7\u00e3o do caso ser\u00e1 registrada pelo estado de origem. Por enquanto, Pernambuco n\u00e3o contabiliza nenhum caso confirmado da var\u00edola dos macacos em residentes no Estado.<\/span><\/div>\n<div><\/div>\n<div>Foto: Reprodu\u00e7\u00e3o\/Redes Sociais.<\/div>\n","protected":false},"excerpt":{"rendered":"<p>A Secretaria Estadual de Sa\u00fade (SES-PE) foi notificada, nesta ter\u00e7a-feira (12\/07), de mais tr\u00eas casos suspeitos da var\u00edola dos macacos&hellip;<\/p>\n","protected":false},"author":1,"featured_media":85245,"comment_status":"open","ping_status":"open","sticky":false,"template":"","format":"standard","meta":{"footnotes":""},"categories":[14120],"tags":[2,19532,3406,25071],"class_list":["post-85244","post","type-post","status-publish","format-standard","has-post-thumbnail","hentry","category-noticias","tag-blog-do-edvaldo-magalhaes","tag-blog-mais-acessado-e-visualizado-de-caruaru-e-regiao","tag-caruaru","tag-pernambuco-confirma-caso-importado-da-variola-dos-macacos"],"_links":{"self":[{"href":"https:\/\/blogdoedvaldomagalhaes.com.br\/index.php\/wp-json\/wp\/v2\/posts\/85244","targetHints":{"allow":["GET"]}}],"collection":[{"href":"https:\/\/blogdoedvaldomagalhaes.com.br\/index.php\/wp-json\/wp\/v2\/posts"}],"about":[{"href":"https:\/\/blogdoedvaldomagalhaes.com.br\/index.php\/wp-json\/wp\/v2\/types\/post"}],"author":[{"embeddable":true,"href":"https:\/\/blogdoedvaldomagalhaes.com.br\/index.php\/wp-json\/wp\/v2\/users\/1"}],"replies":[{"embeddable":true,"href":"https:\/\/blogdoedvaldomagalhaes.com.br\/index.php\/wp-json\/wp\/v2\/comments?post=85244"}],"version-history":[{"count":1,"href":"https:\/\/blogdoedvaldomagalhaes.com.br\/index.php\/wp-json\/wp\/v2\/posts\/85244\/revisions"}],"predecessor-version":[{"id":85246,"href":"https:\/\/blogdoedvaldomagalhaes.com.br\/index.php\/wp-json\/wp\/v2\/posts\/85244\/revisions\/85246"}],"wp:featuredmedia":[{"embeddable":true,"href":"https:\/\/blogdoedvaldomagalhaes.com.br\/index.php\/wp-json\/wp\/v2\/media\/85245"}],"wp:attachment":[{"href":"https:\/\/blogdoedvaldomagalhaes.com.br\/index.php\/wp-json\/wp\/v2\/media?parent=85244"}],"wp:term":[{"taxonomy":"category","embeddable":true,"href":"https:\/\/blogdoedvaldomagalhaes.com.br\/index.php\/wp-json\/wp\/v2\/categories?post=85244"},{"taxonomy":"post_tag","embeddable":true,"href":"https:\/\/blogdoedvaldomagalhaes.com.br\/index.php\/wp-json\/wp\/v2\/tags?post=85244"}],"curies":[{"name":"wp","href":"https:\/\/api.w.org\/{rel}","templated":true}]}}