{"id":85241,"date":"2022-07-12T20:22:56","date_gmt":"2022-07-12T23:22:56","guid":{"rendered":"https:\/\/blogdoedvaldomagalhaes.com.br\/?p=85241"},"modified":"2022-07-12T20:22:56","modified_gmt":"2022-07-12T23:22:56","slug":"fagner-comemora-parceria-entre-universidade-e-prefeitura-de-caruaru-em-prol-da-causa-animal","status":"publish","type":"post","link":"https:\/\/blogdoedvaldomagalhaes.com.br\/index.php\/2022\/07\/12\/fagner-comemora-parceria-entre-universidade-e-prefeitura-de-caruaru-em-prol-da-causa-animal\/","title":{"rendered":"Fagner comemora parceria entre universidade e prefeitura de Caruaru em prol da causa animal"},"content":{"rendered":"<p style=\"text-align: justify;\"><span style=\"font-size: inherit;\">Em reuni\u00e3o realizada nessa sexta-feira (08) na Sala das Comiss\u00f5es da C\u00e2mara Municipal, o vereador Fagner Fernandes recebeu os representantes das secretarias de Sa\u00fade e Servi\u00e7os P\u00fablicos, da Escola de Governo, da procuradoria de Caruaru, e da Unifavip, para tratar da assinatura do contrato (COAP) em benef\u00edcio da causa animal.<\/span><\/p>\n<p style=\"text-align: justify;\">Com a assinatura do contrato prevista para agosto deste ano, a Unifavip e demais \u00f3rg\u00e3os municipais, ir\u00e3o atuar juntos com foco no bem-estar animal. Como parte do acordo, os alunos do curso de Medicina Veterin\u00e1ria da UniFavip, ser\u00e3o destinados para aprender e atuar na cl\u00ednica veterin\u00e1ria do munic\u00edpio. &#8220;Com a parceria ser\u00e1 poss\u00edvel levar a m\u00e3o de obra acad\u00eamica, monitorada pela Universidade, privilegiando o atendimento da sa\u00fade animal&#8221;, pontuou Diego Cunha, reitor da UniFavip.<\/p>\n<p style=\"text-align: justify;\">A secret\u00e1ria de Sa\u00fade, B\u00e1rbara Flor\u00eancio, explicou a parceria. &#8220;A partir de agora por meio do COAPS, os estudantes de medicina veterin\u00e1ria poder\u00e3o estagiar e participar de a\u00e7\u00f5es envolvendo a AME animal, e demais atividades no munic\u00edpio&#8221;.<\/p>\n<p style=\"text-align: justify;\">A inclus\u00e3o da causa animal no contrato do COAPS para que os recursos destinados \u00e0 sa\u00fade no munic\u00edpio (por meio de conv\u00eanio) atendam tamb\u00e9m ao bem-estar dos animas, foi uma iniciativa do parlamentar (desde 2017) por meio de requerimento, votado e aprovado na Casa. &#8220;Estamos felizes com a not\u00edcia. Aguardamos agora a assinatura do contrato que trar\u00e1 in\u00fameros benef\u00edcios para a causa&#8221;, lembrou o vereador, Fagner Fernandes.<\/p>\n<p style=\"text-align: justify;\">&#8220;Parabenizamos a iniciativa, desde a articula\u00e7\u00e3o feita com a universidade at\u00e9 a elabora\u00e7\u00e3o do contrato, incluindo a AME animal. Agora teremos uma grande ajuda dos estudantes atuando na \u00e1rea e contribuindo com as a\u00e7\u00f5es de bem-estar animal no munic\u00edpio&#8221;, concluiu Ytalo Farias, secret\u00e1rio de Servi\u00e7os P\u00fablicos.<\/p>\n<p style=\"text-align: justify;\"><strong>O que \u00e9 o COAP?<\/strong><br \/>\n\u00c9 um acordo de colabora\u00e7\u00e3o firmado entre os entes federativos, no \u00e2mbito de uma Regi\u00e3o de Sa\u00fade, com o objetivo de organizar e integrar as a\u00e7\u00f5es e os servi\u00e7os de sa\u00fade na regi\u00e3o, para garantir a integralidade da assist\u00eancia \u00e0 sa\u00fade da popula\u00e7\u00e3o.<\/p>\n","protected":false},"excerpt":{"rendered":"<p>Em reuni\u00e3o realizada nessa sexta-feira (08) na Sala das Comiss\u00f5es da C\u00e2mara Municipal, o vereador Fagner Fernandes recebeu os representantes&hellip;<\/p>\n","protected":false},"author":1,"featured_media":85242,"comment_status":"open","ping_status":"open","sticky":false,"template":"","format":"standard","meta":{"footnotes":""},"categories":[14122],"tags":[2,19532,3406,25070,20],"class_list":["post-85241","post","type-post","status-publish","format-standard","has-post-thumbnail","hentry","category-politica","tag-blog-do-edvaldo-magalhaes","tag-blog-mais-acessado-e-visualizado-de-caruaru-e-regiao","tag-caruaru","tag-fagner-comemora-parceria-entre-universidade-e-prefeitura-de-caruaru-em-prol-da-causa-animal","tag-politica"],"_links":{"self":[{"href":"https:\/\/blogdoedvaldomagalhaes.com.br\/index.php\/wp-json\/wp\/v2\/posts\/85241","targetHints":{"allow":["GET"]}}],"collection":[{"href":"https:\/\/blogdoedvaldomagalhaes.com.br\/index.php\/wp-json\/wp\/v2\/posts"}],"about":[{"href":"https:\/\/blogdoedvaldomagalhaes.com.br\/index.php\/wp-json\/wp\/v2\/types\/post"}],"author":[{"embeddable":true,"href":"https:\/\/blogdoedvaldomagalhaes.com.br\/index.php\/wp-json\/wp\/v2\/users\/1"}],"replies":[{"embeddable":true,"href":"https:\/\/blogdoedvaldomagalhaes.com.br\/index.php\/wp-json\/wp\/v2\/comments?post=85241"}],"version-history":[{"count":1,"href":"https:\/\/blogdoedvaldomagalhaes.com.br\/index.php\/wp-json\/wp\/v2\/posts\/85241\/revisions"}],"predecessor-version":[{"id":85243,"href":"https:\/\/blogdoedvaldomagalhaes.com.br\/index.php\/wp-json\/wp\/v2\/posts\/85241\/revisions\/85243"}],"wp:featuredmedia":[{"embeddable":true,"href":"https:\/\/blogdoedvaldomagalhaes.com.br\/index.php\/wp-json\/wp\/v2\/media\/85242"}],"wp:attachment":[{"href":"https:\/\/blogdoedvaldomagalhaes.com.br\/index.php\/wp-json\/wp\/v2\/media?parent=85241"}],"wp:term":[{"taxonomy":"category","embeddable":true,"href":"https:\/\/blogdoedvaldomagalhaes.com.br\/index.php\/wp-json\/wp\/v2\/categories?post=85241"},{"taxonomy":"post_tag","embeddable":true,"href":"https:\/\/blogdoedvaldomagalhaes.com.br\/index.php\/wp-json\/wp\/v2\/tags?post=85241"}],"curies":[{"name":"wp","href":"https:\/\/api.w.org\/{rel}","templated":true}]}}