{"id":85237,"date":"2022-07-12T18:28:27","date_gmt":"2022-07-12T21:28:27","guid":{"rendered":"https:\/\/blogdoedvaldomagalhaes.com.br\/?p=85237"},"modified":"2022-07-12T18:41:42","modified_gmt":"2022-07-12T21:41:42","slug":"jorge-quintino-visita-institucionalmente-a-nova-secretaria-de-educacao-de-caruaru-aline-tiburcio","status":"publish","type":"post","link":"https:\/\/blogdoedvaldomagalhaes.com.br\/index.php\/2022\/07\/12\/jorge-quintino-visita-institucionalmente-a-nova-secretaria-de-educacao-de-caruaru-aline-tiburcio\/","title":{"rendered":"Jorge Quintino visita institucionalmente a nova secret\u00e1ria de Educa\u00e7\u00e3o de Caruaru, Aline Tib\u00farcio"},"content":{"rendered":"<p style=\"text-align: justify;\">Durante a tarde desta ter\u00e7a-feira (12), o vereador Jorge Quintino (SD) se reuniu, pela primeira vez, com a nova secret\u00e1ria de Educa\u00e7\u00e3o de Caruaru, Aline Tib\u00farcio.<\/p>\n<p style=\"text-align: justify;\"><span style=\"font-size: inherit;\">Enquanto professor e presidente da Comiss\u00e3o de Educa\u00e7\u00e3o, Cultura e Esportes e da Comiss\u00e3o de Meio Ambiente da C\u00e2mera de Vereadores, Jorge Quintino realizou uma visita institucional e dialogou com Aline Tib\u00farcio sobre as necessidades essenciais que a secretaria exige.<\/span><\/p>\n<p style=\"text-align: justify;\">Na reuni\u00e3o, foi debatida a import\u00e2ncia de um professor ligado diretamente ao centro da constru\u00e7\u00e3o pol\u00edtica-pedag\u00f3gica, al\u00e9m das necessidades de docentes atuantes em sala de aula, organiza\u00e7\u00e3o de merendas nas institui\u00e7\u00f5es, transportes escolares e o concurso p\u00fablico na cidade de Caruaru.<\/p>\n<p style=\"text-align: justify;\">\u201cComo presidente da Comiss\u00e3o de Educa\u00e7\u00e3o, Cultura e Esportes e da Comiss\u00e3o de Meio ambiente, considero que a aprova\u00e7\u00e3o do concurso p\u00fablico foi um grande avan\u00e7o em rela\u00e7\u00e3o \u00e0 educa\u00e7\u00e3o e acredito que a divulga\u00e7\u00e3o do edital tenha que ser realizada o mais breve poss\u00edvel\u201d, destacou Jorge Quintino.<\/p>\n","protected":false},"excerpt":{"rendered":"<p>Durante a tarde desta ter\u00e7a-feira (12), o vereador Jorge Quintino (SD) se reuniu, pela primeira vez, com a nova secret\u00e1ria&hellip;<\/p>\n","protected":false},"author":1,"featured_media":85238,"comment_status":"open","ping_status":"open","sticky":false,"template":"","format":"standard","meta":{"footnotes":""},"categories":[14122],"tags":[2,19532,3406,25069,20],"class_list":["post-85237","post","type-post","status-publish","format-standard","has-post-thumbnail","hentry","category-politica","tag-blog-do-edvaldo-magalhaes","tag-blog-mais-acessado-e-visualizado-de-caruaru-e-regiao","tag-caruaru","tag-jorge-quintino-visita-institucionalmente-a-nova-secretaria-de-educacao-de-caruaru-aline-tiburcio","tag-politica"],"_links":{"self":[{"href":"https:\/\/blogdoedvaldomagalhaes.com.br\/index.php\/wp-json\/wp\/v2\/posts\/85237","targetHints":{"allow":["GET"]}}],"collection":[{"href":"https:\/\/blogdoedvaldomagalhaes.com.br\/index.php\/wp-json\/wp\/v2\/posts"}],"about":[{"href":"https:\/\/blogdoedvaldomagalhaes.com.br\/index.php\/wp-json\/wp\/v2\/types\/post"}],"author":[{"embeddable":true,"href":"https:\/\/blogdoedvaldomagalhaes.com.br\/index.php\/wp-json\/wp\/v2\/users\/1"}],"replies":[{"embeddable":true,"href":"https:\/\/blogdoedvaldomagalhaes.com.br\/index.php\/wp-json\/wp\/v2\/comments?post=85237"}],"version-history":[{"count":2,"href":"https:\/\/blogdoedvaldomagalhaes.com.br\/index.php\/wp-json\/wp\/v2\/posts\/85237\/revisions"}],"predecessor-version":[{"id":85240,"href":"https:\/\/blogdoedvaldomagalhaes.com.br\/index.php\/wp-json\/wp\/v2\/posts\/85237\/revisions\/85240"}],"wp:featuredmedia":[{"embeddable":true,"href":"https:\/\/blogdoedvaldomagalhaes.com.br\/index.php\/wp-json\/wp\/v2\/media\/85238"}],"wp:attachment":[{"href":"https:\/\/blogdoedvaldomagalhaes.com.br\/index.php\/wp-json\/wp\/v2\/media?parent=85237"}],"wp:term":[{"taxonomy":"category","embeddable":true,"href":"https:\/\/blogdoedvaldomagalhaes.com.br\/index.php\/wp-json\/wp\/v2\/categories?post=85237"},{"taxonomy":"post_tag","embeddable":true,"href":"https:\/\/blogdoedvaldomagalhaes.com.br\/index.php\/wp-json\/wp\/v2\/tags?post=85237"}],"curies":[{"name":"wp","href":"https:\/\/api.w.org\/{rel}","templated":true}]}}