{"id":85218,"date":"2022-07-11T22:40:44","date_gmt":"2022-07-12T01:40:44","guid":{"rendered":"https:\/\/blogdoedvaldomagalhaes.com.br\/?p=85218"},"modified":"2022-07-11T23:10:48","modified_gmt":"2022-07-12T02:10:48","slug":"marcelo-rodrigues-e-nomeado-pelo-prefeito-de-caruaru-e-desligado-do-sismuc-regional","status":"publish","type":"post","link":"https:\/\/blogdoedvaldomagalhaes.com.br\/index.php\/2022\/07\/11\/marcelo-rodrigues-e-nomeado-pelo-prefeito-de-caruaru-e-desligado-do-sismuc-regional\/","title":{"rendered":"Marcelo Rodrigues \u00e9 nomeado pelo prefeito de Caruaru e desligado do Sismuc Regional"},"content":{"rendered":"<p style=\"text-align: justify;\">Publicada no Di\u00e1rio Oficial de Caruaru, nesta segunda -feira (11), pelo prefeito Rodrigo Pinheiro (PSDB), a nomea\u00e7\u00e3o de MARCELO AUGUSTO RODRIGUES DA SILVA, para o cargo de Gerente I da Secretaria de Desenvolvimento Social e Direitos Humanos, com efeitos a partir de 11 de julho.<\/p>\n<p style=\"text-align: justify;\">Marcelo Rodrigues, disse ao Blog do Edvaldo Magalh\u00e3es: &#8220;Agrade\u00e7o o convite e a oportunidade do prefeito, em acreditar que eu possa ajudar a construir uma hist\u00f3ria diferente na \u00e1rea ambiental em Caruaru. Estou \u00e0 disposi\u00e7\u00e3o dele, para construir pol\u00edticas p\u00fablicas neste sentido. S\u00f3 posso agradecer a confian\u00e7a e o que estiver no meu alcance e tiver dentro de minha espertize, o prefeito Rodrigo Pinheiro pode contar comigo &#8220;, finalizou.<\/p>\n<p style=\"text-align: justify;\">&#8220;Ao assumir a fun\u00e7\u00e3o comissionada, o advogado Marcelo Rodrigues automaticamente deixa de fazer parte do quadro jur\u00eddico do Sismuc Regional, para n\u00e3o gerar conflito de interesses&#8221; disse o presidente do sindicato, Eduardo Mendon\u00e7a.<\/p>\n<p>Foto ilustrativa: Arquivo PT\/Divulga\u00e7\u00e3o.<\/p>\n","protected":false},"excerpt":{"rendered":"<p>Publicada no Di\u00e1rio Oficial de Caruaru, nesta segunda -feira (11), pelo prefeito Rodrigo Pinheiro (PSDB), a nomea\u00e7\u00e3o de MARCELO AUGUSTO&hellip;<\/p>\n","protected":false},"author":1,"featured_media":85219,"comment_status":"open","ping_status":"open","sticky":false,"template":"","format":"standard","meta":{"footnotes":""},"categories":[14122],"tags":[2,19532,3406,25066,20],"class_list":["post-85218","post","type-post","status-publish","format-standard","has-post-thumbnail","hentry","category-politica","tag-blog-do-edvaldo-magalhaes","tag-blog-mais-acessado-e-visualizado-de-caruaru-e-regiao","tag-caruaru","tag-marcelo-rodrigues-e-nomeado-pelo-prefeito-de-caruaru-e-desligado-do-sismuc-regional","tag-politica"],"_links":{"self":[{"href":"https:\/\/blogdoedvaldomagalhaes.com.br\/index.php\/wp-json\/wp\/v2\/posts\/85218","targetHints":{"allow":["GET"]}}],"collection":[{"href":"https:\/\/blogdoedvaldomagalhaes.com.br\/index.php\/wp-json\/wp\/v2\/posts"}],"about":[{"href":"https:\/\/blogdoedvaldomagalhaes.com.br\/index.php\/wp-json\/wp\/v2\/types\/post"}],"author":[{"embeddable":true,"href":"https:\/\/blogdoedvaldomagalhaes.com.br\/index.php\/wp-json\/wp\/v2\/users\/1"}],"replies":[{"embeddable":true,"href":"https:\/\/blogdoedvaldomagalhaes.com.br\/index.php\/wp-json\/wp\/v2\/comments?post=85218"}],"version-history":[{"count":4,"href":"https:\/\/blogdoedvaldomagalhaes.com.br\/index.php\/wp-json\/wp\/v2\/posts\/85218\/revisions"}],"predecessor-version":[{"id":85224,"href":"https:\/\/blogdoedvaldomagalhaes.com.br\/index.php\/wp-json\/wp\/v2\/posts\/85218\/revisions\/85224"}],"wp:featuredmedia":[{"embeddable":true,"href":"https:\/\/blogdoedvaldomagalhaes.com.br\/index.php\/wp-json\/wp\/v2\/media\/85219"}],"wp:attachment":[{"href":"https:\/\/blogdoedvaldomagalhaes.com.br\/index.php\/wp-json\/wp\/v2\/media?parent=85218"}],"wp:term":[{"taxonomy":"category","embeddable":true,"href":"https:\/\/blogdoedvaldomagalhaes.com.br\/index.php\/wp-json\/wp\/v2\/categories?post=85218"},{"taxonomy":"post_tag","embeddable":true,"href":"https:\/\/blogdoedvaldomagalhaes.com.br\/index.php\/wp-json\/wp\/v2\/tags?post=85218"}],"curies":[{"name":"wp","href":"https:\/\/api.w.org\/{rel}","templated":true}]}}