{"id":85200,"date":"2022-07-11T15:54:28","date_gmt":"2022-07-11T18:54:28","guid":{"rendered":"https:\/\/blogdoedvaldomagalhaes.com.br\/?p=85200"},"modified":"2022-07-11T15:54:30","modified_gmt":"2022-07-11T18:54:30","slug":"tony-gel-destina-recursos-para-o-hospital-regional-do-agreste","status":"publish","type":"post","link":"https:\/\/blogdoedvaldomagalhaes.com.br\/index.php\/2022\/07\/11\/tony-gel-destina-recursos-para-o-hospital-regional-do-agreste\/","title":{"rendered":"Tony Gel destina recursos para o Hospital Regional do Agreste"},"content":{"rendered":"<p style=\"text-align: justify;\"><span style=\"font-size: inherit;\">Priorizando o envio de recursos para entidades, associa\u00e7\u00f5es e unidades de sa\u00fade de Caruaru, o Deputado Estadual Tony Gel (PSB), destinou mais uma emenda parlamentar para o Hospital Regional do Agreste &#8211; HRA.<\/span><\/p>\n<p style=\"text-align: justify;\">A nova emenda reservada pelo parlamentar no valor de R$ 100.000,00 (Cem mil reais) para o HRA, vai auxiliar na manuten\u00e7\u00e3o das atividades do hospital. A unidade proporciona atendimento de m\u00e9dia e alta complexidade a popula\u00e7\u00e3o de Caruaru e outras cidades do Agreste.<\/p>\n<p style=\"text-align: justify;\">Al\u00e9m dos recursos enviados via emenda, Tony Gel tem tamb\u00e9m trabalhado junto a Secretaria Estadual de Sa\u00fade, visando a conquista de novos investimentos para o HRA, principalmente no que diz respeito a amplia\u00e7\u00e3o no n\u00famero leitos.<\/p>\n","protected":false},"excerpt":{"rendered":"<p>Priorizando o envio de recursos para entidades, associa\u00e7\u00f5es e unidades de sa\u00fade de Caruaru, o Deputado Estadual Tony Gel (PSB),&hellip;<\/p>\n","protected":false},"author":1,"featured_media":85201,"comment_status":"open","ping_status":"open","sticky":false,"template":"","format":"standard","meta":{"footnotes":""},"categories":[14122],"tags":[2,19532,3406,20,25064],"class_list":["post-85200","post","type-post","status-publish","format-standard","has-post-thumbnail","hentry","category-politica","tag-blog-do-edvaldo-magalhaes","tag-blog-mais-acessado-e-visualizado-de-caruaru-e-regiao","tag-caruaru","tag-politica","tag-tony-gel-destina-recursos-para-o-hospital-regional-do-agreste"],"_links":{"self":[{"href":"https:\/\/blogdoedvaldomagalhaes.com.br\/index.php\/wp-json\/wp\/v2\/posts\/85200","targetHints":{"allow":["GET"]}}],"collection":[{"href":"https:\/\/blogdoedvaldomagalhaes.com.br\/index.php\/wp-json\/wp\/v2\/posts"}],"about":[{"href":"https:\/\/blogdoedvaldomagalhaes.com.br\/index.php\/wp-json\/wp\/v2\/types\/post"}],"author":[{"embeddable":true,"href":"https:\/\/blogdoedvaldomagalhaes.com.br\/index.php\/wp-json\/wp\/v2\/users\/1"}],"replies":[{"embeddable":true,"href":"https:\/\/blogdoedvaldomagalhaes.com.br\/index.php\/wp-json\/wp\/v2\/comments?post=85200"}],"version-history":[{"count":1,"href":"https:\/\/blogdoedvaldomagalhaes.com.br\/index.php\/wp-json\/wp\/v2\/posts\/85200\/revisions"}],"predecessor-version":[{"id":85202,"href":"https:\/\/blogdoedvaldomagalhaes.com.br\/index.php\/wp-json\/wp\/v2\/posts\/85200\/revisions\/85202"}],"wp:featuredmedia":[{"embeddable":true,"href":"https:\/\/blogdoedvaldomagalhaes.com.br\/index.php\/wp-json\/wp\/v2\/media\/85201"}],"wp:attachment":[{"href":"https:\/\/blogdoedvaldomagalhaes.com.br\/index.php\/wp-json\/wp\/v2\/media?parent=85200"}],"wp:term":[{"taxonomy":"category","embeddable":true,"href":"https:\/\/blogdoedvaldomagalhaes.com.br\/index.php\/wp-json\/wp\/v2\/categories?post=85200"},{"taxonomy":"post_tag","embeddable":true,"href":"https:\/\/blogdoedvaldomagalhaes.com.br\/index.php\/wp-json\/wp\/v2\/tags?post=85200"}],"curies":[{"name":"wp","href":"https:\/\/api.w.org\/{rel}","templated":true}]}}