{"id":85197,"date":"2022-07-11T11:48:51","date_gmt":"2022-07-11T14:48:51","guid":{"rendered":"https:\/\/blogdoedvaldomagalhaes.com.br\/?p=85197"},"modified":"2022-07-11T11:48:52","modified_gmt":"2022-07-11T14:48:52","slug":"anderson-correia-reforca-pedido-para-criacao-do-hospital-publico-veterinario-de-caruaru","status":"publish","type":"post","link":"https:\/\/blogdoedvaldomagalhaes.com.br\/index.php\/2022\/07\/11\/anderson-correia-reforca-pedido-para-criacao-do-hospital-publico-veterinario-de-caruaru\/","title":{"rendered":"Anderson Correia refor\u00e7a pedido para cria\u00e7\u00e3o do Hospital P\u00fablico Veterin\u00e1rio de Caruaru"},"content":{"rendered":"<p style=\"text-align: justify;\"><span style=\"font-size: inherit;\">O vereador e pr\u00e9-candidato a deputado federal, Anderson Correia (PP), aproveitou o domingo (10) para visitar as instala\u00e7\u00f5es da antiga cl\u00ednica-escola do Centro Universit\u00e1rio UniFavip Wyden, local sugerido pelo parlamentar para que seja implantado o t\u00e3o sonhado e esperado Hospital P\u00fablico Veterin\u00e1rio de Caruaru. Com uma excelente estrutura j\u00e1 dispon\u00edvel no pr\u00e9dio, com capacidade de atendimentos a animais de pequeno e grande porte, o local j\u00e1 foi considerado refer\u00eancia em cirurgia na regi\u00e3o, por conta da capacidade de atendimento, que era estimada em mais de 300 por m\u00eas.<\/span><\/p>\n<p style=\"text-align: justify;\">Estamos conversando com o Prefeito Rodrigo Pinheiro para que realize uma parceria com a empresa respons\u00e1vel pelo pr\u00e9dio e implante o primeiro Hospital P\u00fablico Veterin\u00e1rio de Caruaru. Aqui, poderiam ser disponibilizados mais servi\u00e7os, dentre eles, cirurgia ortop\u00e9dica, ultrassom e exames mais complexos. A estrutura j\u00e1 est\u00e1 montada, o que facilita muito a cria\u00e7\u00e3o deste equipamento de bem-estar animal, precisando, apenas fazer alguns ajustes. Vamos seguir lutando por isso, nossa luta ser\u00e1 permanente para que os animais n\u00e3o-humanos tenham sua dignidade respeitada.<\/p>\n","protected":false},"excerpt":{"rendered":"<p>O vereador e pr\u00e9-candidato a deputado federal, Anderson Correia (PP), aproveitou o domingo (10) para visitar as instala\u00e7\u00f5es da antiga&hellip;<\/p>\n","protected":false},"author":1,"featured_media":85198,"comment_status":"open","ping_status":"open","sticky":false,"template":"","format":"standard","meta":{"footnotes":""},"categories":[14122],"tags":[25063,2,19532,3406],"class_list":["post-85197","post","type-post","status-publish","format-standard","has-post-thumbnail","hentry","category-politica","tag-anderson-correia-reforca-pedido-para-criacao-do-hospital-publico-veterinario-de-caruaru","tag-blog-do-edvaldo-magalhaes","tag-blog-mais-acessado-e-visualizado-de-caruaru-e-regiao","tag-caruaru"],"_links":{"self":[{"href":"https:\/\/blogdoedvaldomagalhaes.com.br\/index.php\/wp-json\/wp\/v2\/posts\/85197","targetHints":{"allow":["GET"]}}],"collection":[{"href":"https:\/\/blogdoedvaldomagalhaes.com.br\/index.php\/wp-json\/wp\/v2\/posts"}],"about":[{"href":"https:\/\/blogdoedvaldomagalhaes.com.br\/index.php\/wp-json\/wp\/v2\/types\/post"}],"author":[{"embeddable":true,"href":"https:\/\/blogdoedvaldomagalhaes.com.br\/index.php\/wp-json\/wp\/v2\/users\/1"}],"replies":[{"embeddable":true,"href":"https:\/\/blogdoedvaldomagalhaes.com.br\/index.php\/wp-json\/wp\/v2\/comments?post=85197"}],"version-history":[{"count":1,"href":"https:\/\/blogdoedvaldomagalhaes.com.br\/index.php\/wp-json\/wp\/v2\/posts\/85197\/revisions"}],"predecessor-version":[{"id":85199,"href":"https:\/\/blogdoedvaldomagalhaes.com.br\/index.php\/wp-json\/wp\/v2\/posts\/85197\/revisions\/85199"}],"wp:featuredmedia":[{"embeddable":true,"href":"https:\/\/blogdoedvaldomagalhaes.com.br\/index.php\/wp-json\/wp\/v2\/media\/85198"}],"wp:attachment":[{"href":"https:\/\/blogdoedvaldomagalhaes.com.br\/index.php\/wp-json\/wp\/v2\/media?parent=85197"}],"wp:term":[{"taxonomy":"category","embeddable":true,"href":"https:\/\/blogdoedvaldomagalhaes.com.br\/index.php\/wp-json\/wp\/v2\/categories?post=85197"},{"taxonomy":"post_tag","embeddable":true,"href":"https:\/\/blogdoedvaldomagalhaes.com.br\/index.php\/wp-json\/wp\/v2\/tags?post=85197"}],"curies":[{"name":"wp","href":"https:\/\/api.w.org\/{rel}","templated":true}]}}