{"id":85194,"date":"2022-07-11T08:53:20","date_gmt":"2022-07-11T11:53:20","guid":{"rendered":"https:\/\/blogdoedvaldomagalhaes.com.br\/?p=85194"},"modified":"2022-07-11T08:53:21","modified_gmt":"2022-07-11T11:53:21","slug":"barragem-de-ipaneminha-no-agreste-de-pernambuco-comeca-a-verter","status":"publish","type":"post","link":"https:\/\/blogdoedvaldomagalhaes.com.br\/index.php\/2022\/07\/11\/barragem-de-ipaneminha-no-agreste-de-pernambuco-comeca-a-verter\/","title":{"rendered":"Barragem de Ipaneminha no Agreste de Pernambuco, come\u00e7a a verter"},"content":{"rendered":"<p style=\"text-align: justify;\"><span style=\"font-size: inherit;\">Incid\u00eancia de chuvas nos \u00faltimos dias na regi\u00e3o Agreste possibilitou a recupera\u00e7\u00e3o do volume da Barragem de Ipaneminha, localizada na cidade de Pesqueira. Em colapso desde o final de 2021, o manancial atingiu a sua capacidade m\u00e1xima nesta sexta-feira (8) e come\u00e7ou a verter. Com capacidade total de 3,9 milh\u00f5es de m\u00b3, Ipaneminha \u00e9 uma das respons\u00e1veis pelo abastecimento das cidades de Pesqueira e Alagoinha, al\u00e9m dos distritos de Cimbres, Mimoso, Ipanema e Novo Cajueiro, localizados em Pesqueira.<\/span><\/p>\n<p style=\"text-align: justify;\">Os quatro distritos que estavam com a distribui\u00e7\u00e3o via rede suspensa durante o per\u00edodo de colapso do manancial, voltaram a ser atendidos gradativamente desde o m\u00eas de maio, quando iniciou o per\u00edodo chuvoso na regi\u00e3o, conforme calend\u00e1rio. J\u00e1 em Pesqueira e Alagoinha, a boa not\u00edcia \u00e9 que a situa\u00e7\u00e3o confort\u00e1vel da barragem traz seguran\u00e7a h\u00eddrica, com possibilidades de an\u00fancio de melhorias do abastecimento por parte do Governo do Estado, por meio da Compesa.<\/p>\n","protected":false},"excerpt":{"rendered":"<p>Incid\u00eancia de chuvas nos \u00faltimos dias na regi\u00e3o Agreste possibilitou a recupera\u00e7\u00e3o do volume da Barragem de Ipaneminha, localizada na&hellip;<\/p>\n","protected":false},"author":1,"featured_media":85195,"comment_status":"open","ping_status":"open","sticky":false,"template":"","format":"standard","meta":{"footnotes":""},"categories":[14120],"tags":[25062,2,19532,3406],"class_list":["post-85194","post","type-post","status-publish","format-standard","has-post-thumbnail","hentry","category-noticias","tag-barragem-de-ipaneminha-no-agreste-de-pernambuco-comeca-a-verter","tag-blog-do-edvaldo-magalhaes","tag-blog-mais-acessado-e-visualizado-de-caruaru-e-regiao","tag-caruaru"],"_links":{"self":[{"href":"https:\/\/blogdoedvaldomagalhaes.com.br\/index.php\/wp-json\/wp\/v2\/posts\/85194","targetHints":{"allow":["GET"]}}],"collection":[{"href":"https:\/\/blogdoedvaldomagalhaes.com.br\/index.php\/wp-json\/wp\/v2\/posts"}],"about":[{"href":"https:\/\/blogdoedvaldomagalhaes.com.br\/index.php\/wp-json\/wp\/v2\/types\/post"}],"author":[{"embeddable":true,"href":"https:\/\/blogdoedvaldomagalhaes.com.br\/index.php\/wp-json\/wp\/v2\/users\/1"}],"replies":[{"embeddable":true,"href":"https:\/\/blogdoedvaldomagalhaes.com.br\/index.php\/wp-json\/wp\/v2\/comments?post=85194"}],"version-history":[{"count":1,"href":"https:\/\/blogdoedvaldomagalhaes.com.br\/index.php\/wp-json\/wp\/v2\/posts\/85194\/revisions"}],"predecessor-version":[{"id":85196,"href":"https:\/\/blogdoedvaldomagalhaes.com.br\/index.php\/wp-json\/wp\/v2\/posts\/85194\/revisions\/85196"}],"wp:featuredmedia":[{"embeddable":true,"href":"https:\/\/blogdoedvaldomagalhaes.com.br\/index.php\/wp-json\/wp\/v2\/media\/85195"}],"wp:attachment":[{"href":"https:\/\/blogdoedvaldomagalhaes.com.br\/index.php\/wp-json\/wp\/v2\/media?parent=85194"}],"wp:term":[{"taxonomy":"category","embeddable":true,"href":"https:\/\/blogdoedvaldomagalhaes.com.br\/index.php\/wp-json\/wp\/v2\/categories?post=85194"},{"taxonomy":"post_tag","embeddable":true,"href":"https:\/\/blogdoedvaldomagalhaes.com.br\/index.php\/wp-json\/wp\/v2\/tags?post=85194"}],"curies":[{"name":"wp","href":"https:\/\/api.w.org\/{rel}","templated":true}]}}