{"id":85141,"date":"2022-07-09T16:35:34","date_gmt":"2022-07-09T19:35:34","guid":{"rendered":"https:\/\/blogdoedvaldomagalhaes.com.br\/?p=85141"},"modified":"2022-07-09T16:37:24","modified_gmt":"2022-07-09T19:37:24","slug":"barragem-de-serro-azul-recebe-vistoria-de-tecnicos-da-seinfra-e-apac","status":"publish","type":"post","link":"https:\/\/blogdoedvaldomagalhaes.com.br\/index.php\/2022\/07\/09\/barragem-de-serro-azul-recebe-vistoria-de-tecnicos-da-seinfra-e-apac\/","title":{"rendered":"Barragem de Serro Azul, recebe vistoria de t\u00e9cnicos da Seinfra e Apac"},"content":{"rendered":"<p style=\"text-align: justify;\"><span style=\"font-size: inherit;\">T\u00e9cnicos da Secretaria Executiva de Recursos Hidr\u00edcos (SERH) do Estado, juntamente com uma equipe da ger\u00eancia de seguran\u00e7a de barragens da Ag\u00eancia Pernambucana de \u00c1guas e Clima (Apac) vistoriaram, nessa sexta-feira (8), a Barragem de Serro de Azul, localizada na cidade de Palmares, na Mata Sul pernambucana.<\/span><\/p>\n<p style=\"text-align: justify;\">O reservat\u00f3rio de Serro Azul tem se mostrado fundamental no sentido de minimizar os impactos causados pelas fortes chuvas que atingem a regi\u00e3o desde o final de maio, protegendo diretamente mais de 142 mil moradores dos munic\u00edpios de Palmares, \u00c1gua Preta e Barreiros. Na vistoria, os t\u00e9cnicos constataram que, com a diminui\u00e7\u00e3o da intensidade das chuvas na regi\u00e3o, est\u00e1 se modificando a tend\u00eancia de eleva\u00e7\u00e3o do reservat\u00f3rio e que, nas \u00faltimas horas, a cota do n\u00edvel de \u00e1gua est\u00e1 baixando.<\/p>\n<p style=\"text-align: justify;\">O reservat\u00f3rio \u00e9 monitorado diariamente pelas equipes da Apac e mantido pela Seinfra. Regularmente, a barragem passa tamb\u00e9m por inspe\u00e7\u00f5es de seguran\u00e7a regulares (ISR), que s\u00e3o feitas anualmente pelos t\u00e9cnicos da SERH. A \u00faltima inspe\u00e7\u00e3o na estrutura foi realizada em dezembro do ano passado. Serro Azul tamb\u00e9m possui Plano de Seguran\u00e7a de Barragens (PSB) e Plano de A\u00e7\u00e3o de Emerg\u00eancia (PAE), seguindo o que determina a Pol\u00edtica Nacional de Seguran\u00e7a de Barragens.<\/p>\n<p style=\"text-align: justify;\">A Seinfra refor\u00e7a que informa\u00e7\u00f5es referentes \u00e0 atua\u00e7\u00e3o de sistemas meteorol\u00f3gicos e n\u00edvel de reservat\u00f3rios s\u00e3o repassadas por meio de boletins oficiais \u00e0s coordenadorias de Defesas Civis Municipais e Estaduais e a toda popula\u00e7\u00e3o pernambucana. Desta forma, a orienta\u00e7\u00e3o \u00e9 que as pessoas tenham cuidado com boatos e not\u00edcias falsas que est\u00e3o sendo divulgadas, principalmente, pelas redes sociais. Informa\u00e7\u00f5es confi\u00e1veis e atualizadas sobre as chuvas e os rios est\u00e3o disponibilizadas no site da Apac.<\/p>\n\n\n<figure class=\"wp-block-image size-large\"><img loading=\"lazy\" decoding=\"async\" width=\"1024\" height=\"678\" src=\"https:\/\/blogdoedvaldomagalhaes.com.br\/wp-content\/uploads\/2022\/07\/IMG-20220709-WA0079-1024x678.jpg\" alt=\"\" class=\"wp-image-85143\" srcset=\"https:\/\/blogdoedvaldomagalhaes.com.br\/wp-content\/uploads\/2022\/07\/IMG-20220709-WA0079-1024x678.jpg 1024w, https:\/\/blogdoedvaldomagalhaes.com.br\/wp-content\/uploads\/2022\/07\/IMG-20220709-WA0079-300x199.jpg 300w, https:\/\/blogdoedvaldomagalhaes.com.br\/wp-content\/uploads\/2022\/07\/IMG-20220709-WA0079-768x508.jpg 768w, https:\/\/blogdoedvaldomagalhaes.com.br\/wp-content\/uploads\/2022\/07\/IMG-20220709-WA0079.jpg 1280w\" sizes=\"auto, (max-width: 1024px) 100vw, 1024px\" \/><figcaption>Fotos da Barragem Serro Azul: Fl\u00e1vio Japa<\/figcaption><\/figure>\n","protected":false},"excerpt":{"rendered":"<p>T\u00e9cnicos da Secretaria Executiva de Recursos Hidr\u00edcos (SERH) do Estado, juntamente com uma equipe da ger\u00eancia de seguran\u00e7a de barragens&hellip;<\/p>\n","protected":false},"author":1,"featured_media":85142,"comment_status":"open","ping_status":"open","sticky":false,"template":"","format":"standard","meta":{"footnotes":""},"categories":[14120],"tags":[25056,2,19532,3406],"class_list":["post-85141","post","type-post","status-publish","format-standard","has-post-thumbnail","hentry","category-noticias","tag-barragem-de-serro-azul-em-palmares-recebe-vistoria-de-tecnicos-da-seinfra-e-apac","tag-blog-do-edvaldo-magalhaes","tag-blog-mais-acessado-e-visualizado-de-caruaru-e-regiao","tag-caruaru"],"_links":{"self":[{"href":"https:\/\/blogdoedvaldomagalhaes.com.br\/index.php\/wp-json\/wp\/v2\/posts\/85141","targetHints":{"allow":["GET"]}}],"collection":[{"href":"https:\/\/blogdoedvaldomagalhaes.com.br\/index.php\/wp-json\/wp\/v2\/posts"}],"about":[{"href":"https:\/\/blogdoedvaldomagalhaes.com.br\/index.php\/wp-json\/wp\/v2\/types\/post"}],"author":[{"embeddable":true,"href":"https:\/\/blogdoedvaldomagalhaes.com.br\/index.php\/wp-json\/wp\/v2\/users\/1"}],"replies":[{"embeddable":true,"href":"https:\/\/blogdoedvaldomagalhaes.com.br\/index.php\/wp-json\/wp\/v2\/comments?post=85141"}],"version-history":[{"count":2,"href":"https:\/\/blogdoedvaldomagalhaes.com.br\/index.php\/wp-json\/wp\/v2\/posts\/85141\/revisions"}],"predecessor-version":[{"id":85145,"href":"https:\/\/blogdoedvaldomagalhaes.com.br\/index.php\/wp-json\/wp\/v2\/posts\/85141\/revisions\/85145"}],"wp:featuredmedia":[{"embeddable":true,"href":"https:\/\/blogdoedvaldomagalhaes.com.br\/index.php\/wp-json\/wp\/v2\/media\/85142"}],"wp:attachment":[{"href":"https:\/\/blogdoedvaldomagalhaes.com.br\/index.php\/wp-json\/wp\/v2\/media?parent=85141"}],"wp:term":[{"taxonomy":"category","embeddable":true,"href":"https:\/\/blogdoedvaldomagalhaes.com.br\/index.php\/wp-json\/wp\/v2\/categories?post=85141"},{"taxonomy":"post_tag","embeddable":true,"href":"https:\/\/blogdoedvaldomagalhaes.com.br\/index.php\/wp-json\/wp\/v2\/tags?post=85141"}],"curies":[{"name":"wp","href":"https:\/\/api.w.org\/{rel}","templated":true}]}}